{"id":794,"date":"2020-06-23T12:42:48","date_gmt":"2020-06-23T10:42:48","guid":{"rendered":"https:\/\/aeca-catequetas.es\/?p=794"},"modified":"2024-02-21T11:46:37","modified_gmt":"2024-02-21T10:46:37","slug":"presentacion-en-roma-del-nuevo-directorio-de-catequesis","status":"publish","type":"post","link":"https:\/\/aeca-catequetas.es\/index.php\/2020\/06\/23\/presentacion-en-roma-del-nuevo-directorio-de-catequesis\/","title":{"rendered":"Nuevo Directorio de Catequesis"},"content":{"rendered":"<p><span style=\"color: #000000;\"><strong>El jueves 25 de junio de 2020, tuvo lugar (en el Aula \u201cJuan Pablo II\u201d de la Oficina de Prensa de la Santa Sede), una conferencia de presentaci\u00f3n del nuevo Directorio de Catequesis elaborado por el Pontificio Consejo para la Promoci\u00f3n de la Nueva Evangeliza<\/strong><\/span><\/p>\n<p><span style=\"color: #000000;\"><strong>PDF con el texto del Nuevo Directorio:\u00a0<a href=\"https:\/\/catequesis.archimadrid.es\/wp-content\/uploads\/2020\/06\/NUEVO-DIRECTORIO-PARA-LA-CATEQUESIS.pdf\">NUEVO DIRECTORIO PARA LA CATEQUESIS<\/a><\/strong><\/span><\/p>\n<p><span style=\"color: #000000;\"><strong>Intervinieron en la Rueda de Prensa:<\/strong><\/span><\/p>\n<p><span style=\"color: #000000;\"><strong>\u2013 S.E. Mons. Rino Fisichella, Presidente del Consejo Pontificio para la Promoci\u00f3n de la Nueva Evangelizaci\u00f3n;<\/strong><\/span><\/p>\n<p><span style=\"color: #000000;\"><strong>PDF CON LA INTERVENCI\u00d3N DE MONSE\u00d1OR FISICHELLA: <a href=\"https:\/\/aeca-catequetas.es\/wp-content\/uploads\/2020\/06\/Intrvencion-de-Mons-Rino-Fisichella.pdf\">Intrvencion de Mons Rino Fisichella<\/a><\/strong><\/span><\/p>\n<p><span style=\"color: #000000;\"><strong>\u2013 S.E. Mons. Octavio Ruiz Arenas, Secretario del Consejo Pontificio para la Promoci\u00f3n de la Nueva Evangelizaci\u00f3n;<\/strong><\/span><\/p>\n<p><span style=\"color: #000000;\"><strong>PDF CON LA INTERVENCI\u00d3N DE MONSE\u00d1OR OCTAVIO RU\u00cdZ: <a href=\"https:\/\/aeca-catequetas.es\/wp-content\/uploads\/2020\/06\/Intervencion-de-Mons-Octvio-Ruiz.pdf\">Intervencion de Mons Octvio Ruiz<\/a><\/strong><\/span><\/p>\n<p><span style=\"color: #000000;\"><strong>\u2013 S.E. Mons. Franz-Peter Tebartz-van Elst, Delegado de Catequesis del mismo Consejo Pontificio.<\/strong><\/span><\/p>\n<p><span style=\"color: #000000;\"><strong>PDF CON LA INTERVENCI\u00d3N DE MONSE\u00d1OR TERBARRTZ-VAN ELST: <a href=\"https:\/\/aeca-catequetas.es\/wp-content\/uploads\/2020\/06\/Intervencion-de-Mons-Tebartz.pdf\">Intervencion de Mons Tebartz<\/a><\/strong><\/span><\/p>\n<p><span style=\"color: #000000;\"><strong>TAMBIEN SE OFRECIO UN DOCUMENTO DE CLAVES DE LECTURA: <a href=\"https:\/\/aeca-catequetas.es\/wp-content\/uploads\/2020\/06\/Claves-para-leer-el-directorio-2020.pdf\">Claves para leer el directorio 2020<\/a><\/strong><\/span><\/p>\n<p><span style=\"color: #000000;\"><strong>La conferencia de prensa tambi\u00e9n puede volver a verse en el canal de Youtube de Vatican News :<\/strong><\/span><\/p>\n<p><iframe loading=\"lazy\" title=\"Conferenza Stampa di presentazione del Direttorio per la Catechesi\" width=\"1080\" height=\"608\" src=\"https:\/\/www.youtube.com\/embed\/R6N27C1bBZs?feature=oembed\" frameborder=\"0\" allow=\"accelerometer; autoplay; clipboard-write; encrypted-media; gyroscope; picture-in-picture; web-share\" allowfullscreen><\/iframe><\/p>\n","protected":false},"excerpt":{"rendered":"<p>El jueves 25 de junio de 2020, tuvo lugar (en el Aula \u201cJuan Pablo II\u201d de la Oficina de Prensa de la Santa Sede), una conferencia de presentaci\u00f3n del nuevo Directorio de Catequesis elaborado por el Pontificio Consejo para la Promoci\u00f3n de la Nueva Evangeliza PDF con el texto del Nuevo Directorio:\u00a0NUEVO DIRECTORIO PARA LA [&hellip;]<\/p>\n","protected":false},"author":4,"featured_media":795,"comment_status":"open","ping_status":"open","sticky":false,"template":"","format":"standard","meta":{"_et_pb_use_builder":"","_et_pb_old_content":"","_et_gb_content_width":"","footnotes":""},"categories":[3,203],"tags":[191,192],"class_list":["post-794","post","type-post","status-publish","format-standard","has-post-thumbnail","hentry","category-noticias","category-nuevo-directorio-para-la-catequesis","tag-nuevo-directorio-de-catequesis","tag-rino-fisichella","et-has-post-format-content","et_post_format-et-post-format-standard"],"yoast_head":"<!-- This site is optimized with the Yoast SEO plugin v27.4 - https:\/\/yoast.com\/product\/yoast-seo-wordpress\/ -->\n<title>Nuevo Directorio de Catequesis - Asociaci\u00f3n Espa\u00f1ola de Catequetas<\/title>\n<meta name=\"robots\" content=\"index, follow, max-snippet:-1, max-image-preview:large, max-video-preview:-1\" \/>\n<link rel=\"canonical\" href=\"https:\/\/aeca-catequetas.es\/index.php\/2020\/06\/23\/presentacion-en-roma-del-nuevo-directorio-de-catequesis\/\" \/>\n<meta property=\"og:locale\" content=\"es_ES\" \/>\n<meta property=\"og:type\" content=\"article\" \/>\n<meta property=\"og:title\" content=\"Nuevo Directorio de Catequesis - Asociaci\u00f3n Espa\u00f1ola de Catequetas\" \/>\n<meta property=\"og:description\" content=\"El jueves 25 de junio de 2020, tuvo lugar (en el Aula \u201cJuan Pablo II\u201d de la Oficina de Prensa de la Santa Sede), una conferencia de presentaci\u00f3n del nuevo Directorio de Catequesis elaborado por el Pontificio Consejo para la Promoci\u00f3n de la Nueva Evangeliza PDF con el texto del Nuevo Directorio:\u00a0NUEVO DIRECTORIO PARA LA [&hellip;]\" \/>\n<meta property=\"og:url\" content=\"https:\/\/aeca-catequetas.es\/index.php\/2020\/06\/23\/presentacion-en-roma-del-nuevo-directorio-de-catequesis\/\" \/>\n<meta property=\"og:site_name\" content=\"Asociaci\u00f3n Espa\u00f1ola de Catequetas\" \/>\n<meta property=\"article:published_time\" content=\"2020-06-23T10:42:48+00:00\" \/>\n<meta property=\"article:modified_time\" content=\"2024-02-21T10:46:37+00:00\" \/>\n<meta property=\"og:image\" content=\"https:\/\/aeca-catequetas.es\/wp-content\/uploads\/2020\/06\/fisichella.jpeg\" \/>\n\t<meta property=\"og:image:width\" content=\"1280\" \/>\n\t<meta property=\"og:image:height\" content=\"853\" \/>\n\t<meta property=\"og:image:type\" content=\"image\/jpeg\" \/>\n<meta name=\"author\" content=\"webmaster\" \/>\n<meta name=\"twitter:card\" content=\"summary_large_image\" \/>\n<meta name=\"twitter:label1\" content=\"Escrito por\" \/>\n\t<meta name=\"twitter:data1\" content=\"webmaster\" \/>\n\t<meta name=\"twitter:label2\" content=\"Tiempo de lectura\" \/>\n\t<meta name=\"twitter:data2\" content=\"2 minutos\" \/>\n<script type=\"application\/ld+json\" class=\"yoast-schema-graph\">{\"@context\":\"https:\\\/\\\/schema.org\",\"@graph\":[{\"@type\":\"Article\",\"@id\":\"https:\\\/\\\/aeca-catequetas.es\\\/index.php\\\/2020\\\/06\\\/23\\\/presentacion-en-roma-del-nuevo-directorio-de-catequesis\\\/#article\",\"isPartOf\":{\"@id\":\"https:\\\/\\\/aeca-catequetas.es\\\/index.php\\\/2020\\\/06\\\/23\\\/presentacion-en-roma-del-nuevo-directorio-de-catequesis\\\/\"},\"author\":{\"name\":\"webmaster\",\"@id\":\"https:\\\/\\\/aeca-catequetas.es\\\/#\\\/schema\\\/person\\\/510ee7731f0229f7a896e5f62ff53292\"},\"headline\":\"Nuevo Directorio de Catequesis\",\"datePublished\":\"2020-06-23T10:42:48+00:00\",\"dateModified\":\"2024-02-21T10:46:37+00:00\",\"mainEntityOfPage\":{\"@id\":\"https:\\\/\\\/aeca-catequetas.es\\\/index.php\\\/2020\\\/06\\\/23\\\/presentacion-en-roma-del-nuevo-directorio-de-catequesis\\\/\"},\"wordCount\":200,\"commentCount\":0,\"image\":{\"@id\":\"https:\\\/\\\/aeca-catequetas.es\\\/index.php\\\/2020\\\/06\\\/23\\\/presentacion-en-roma-del-nuevo-directorio-de-catequesis\\\/#primaryimage\"},\"thumbnailUrl\":\"https:\\\/\\\/aeca-catequetas.es\\\/wp-content\\\/uploads\\\/2020\\\/06\\\/fisichella.jpeg\",\"keywords\":[\"Nuevo Directorio de Catequesis\",\"Rino Fisichella\"],\"articleSection\":[\"Noticias\",\"Nuevo directorio para la catequesis\"],\"inLanguage\":\"es\",\"potentialAction\":[{\"@type\":\"CommentAction\",\"name\":\"Comment\",\"target\":[\"https:\\\/\\\/aeca-catequetas.es\\\/index.php\\\/2020\\\/06\\\/23\\\/presentacion-en-roma-del-nuevo-directorio-de-catequesis\\\/#respond\"]}]},{\"@type\":\"WebPage\",\"@id\":\"https:\\\/\\\/aeca-catequetas.es\\\/index.php\\\/2020\\\/06\\\/23\\\/presentacion-en-roma-del-nuevo-directorio-de-catequesis\\\/\",\"url\":\"https:\\\/\\\/aeca-catequetas.es\\\/index.php\\\/2020\\\/06\\\/23\\\/presentacion-en-roma-del-nuevo-directorio-de-catequesis\\\/\",\"name\":\"Nuevo Directorio de Catequesis - Asociaci\u00f3n Espa\u00f1ola de Catequetas\",\"isPartOf\":{\"@id\":\"https:\\\/\\\/aeca-catequetas.es\\\/#website\"},\"primaryImageOfPage\":{\"@id\":\"https:\\\/\\\/aeca-catequetas.es\\\/index.php\\\/2020\\\/06\\\/23\\\/presentacion-en-roma-del-nuevo-directorio-de-catequesis\\\/#primaryimage\"},\"image\":{\"@id\":\"https:\\\/\\\/aeca-catequetas.es\\\/index.php\\\/2020\\\/06\\\/23\\\/presentacion-en-roma-del-nuevo-directorio-de-catequesis\\\/#primaryimage\"},\"thumbnailUrl\":\"https:\\\/\\\/aeca-catequetas.es\\\/wp-content\\\/uploads\\\/2020\\\/06\\\/fisichella.jpeg\",\"datePublished\":\"2020-06-23T10:42:48+00:00\",\"dateModified\":\"2024-02-21T10:46:37+00:00\",\"author\":{\"@id\":\"https:\\\/\\\/aeca-catequetas.es\\\/#\\\/schema\\\/person\\\/510ee7731f0229f7a896e5f62ff53292\"},\"breadcrumb\":{\"@id\":\"https:\\\/\\\/aeca-catequetas.es\\\/index.php\\\/2020\\\/06\\\/23\\\/presentacion-en-roma-del-nuevo-directorio-de-catequesis\\\/#breadcrumb\"},\"inLanguage\":\"es\",\"potentialAction\":[{\"@type\":\"ReadAction\",\"target\":[\"https:\\\/\\\/aeca-catequetas.es\\\/index.php\\\/2020\\\/06\\\/23\\\/presentacion-en-roma-del-nuevo-directorio-de-catequesis\\\/\"]}]},{\"@type\":\"ImageObject\",\"inLanguage\":\"es\",\"@id\":\"https:\\\/\\\/aeca-catequetas.es\\\/index.php\\\/2020\\\/06\\\/23\\\/presentacion-en-roma-del-nuevo-directorio-de-catequesis\\\/#primaryimage\",\"url\":\"https:\\\/\\\/aeca-catequetas.es\\\/wp-content\\\/uploads\\\/2020\\\/06\\\/fisichella.jpeg\",\"contentUrl\":\"https:\\\/\\\/aeca-catequetas.es\\\/wp-content\\\/uploads\\\/2020\\\/06\\\/fisichella.jpeg\",\"width\":1280,\"height\":853},{\"@type\":\"BreadcrumbList\",\"@id\":\"https:\\\/\\\/aeca-catequetas.es\\\/index.php\\\/2020\\\/06\\\/23\\\/presentacion-en-roma-del-nuevo-directorio-de-catequesis\\\/#breadcrumb\",\"itemListElement\":[{\"@type\":\"ListItem\",\"position\":1,\"name\":\"Home\",\"item\":\"https:\\\/\\\/aeca-catequetas.es\\\/\"},{\"@type\":\"ListItem\",\"position\":2,\"name\":\"Nuevo Directorio de Catequesis\"}]},{\"@type\":\"WebSite\",\"@id\":\"https:\\\/\\\/aeca-catequetas.es\\\/#website\",\"url\":\"https:\\\/\\\/aeca-catequetas.es\\\/\",\"name\":\"Asociaci\u00f3n Espa\u00f1ola de Catequetas\",\"description\":\"Asociaci\u00f3n Espa\u00f1ola de Catequetas\",\"potentialAction\":[{\"@type\":\"SearchAction\",\"target\":{\"@type\":\"EntryPoint\",\"urlTemplate\":\"https:\\\/\\\/aeca-catequetas.es\\\/?s={search_term_string}\"},\"query-input\":{\"@type\":\"PropertyValueSpecification\",\"valueRequired\":true,\"valueName\":\"search_term_string\"}}],\"inLanguage\":\"es\"},{\"@type\":\"Person\",\"@id\":\"https:\\\/\\\/aeca-catequetas.es\\\/#\\\/schema\\\/person\\\/510ee7731f0229f7a896e5f62ff53292\",\"name\":\"webmaster\",\"image\":{\"@type\":\"ImageObject\",\"inLanguage\":\"es\",\"@id\":\"https:\\\/\\\/secure.gravatar.com\\\/avatar\\\/397ca6d635bf8d8d18cf57a1ce24b4240dbb20b43c094e2f61695671478e7a8d?s=96&d=mm&r=g\",\"url\":\"https:\\\/\\\/secure.gravatar.com\\\/avatar\\\/397ca6d635bf8d8d18cf57a1ce24b4240dbb20b43c094e2f61695671478e7a8d?s=96&d=mm&r=g\",\"contentUrl\":\"https:\\\/\\\/secure.gravatar.com\\\/avatar\\\/397ca6d635bf8d8d18cf57a1ce24b4240dbb20b43c094e2f61695671478e7a8d?s=96&d=mm&r=g\",\"caption\":\"webmaster\"},\"url\":\"https:\\\/\\\/aeca-catequetas.es\\\/index.php\\\/author\\\/manuelbru\\\/\"}]}<\/script>\n<!-- \/ Yoast SEO plugin. -->","yoast_head_json":{"title":"Nuevo Directorio de Catequesis - Asociaci\u00f3n Espa\u00f1ola de Catequetas","robots":{"index":"index","follow":"follow","max-snippet":"max-snippet:-1","max-image-preview":"max-image-preview:large","max-video-preview":"max-video-preview:-1"},"canonical":"https:\/\/aeca-catequetas.es\/index.php\/2020\/06\/23\/presentacion-en-roma-del-nuevo-directorio-de-catequesis\/","og_locale":"es_ES","og_type":"article","og_title":"Nuevo Directorio de Catequesis - Asociaci\u00f3n Espa\u00f1ola de Catequetas","og_description":"El jueves 25 de junio de 2020, tuvo lugar (en el Aula \u201cJuan Pablo II\u201d de la Oficina de Prensa de la Santa Sede), una conferencia de presentaci\u00f3n del nuevo Directorio de Catequesis elaborado por el Pontificio Consejo para la Promoci\u00f3n de la Nueva Evangeliza PDF con el texto del Nuevo Directorio:\u00a0NUEVO DIRECTORIO PARA LA [&hellip;]","og_url":"https:\/\/aeca-catequetas.es\/index.php\/2020\/06\/23\/presentacion-en-roma-del-nuevo-directorio-de-catequesis\/","og_site_name":"Asociaci\u00f3n Espa\u00f1ola de Catequetas","article_published_time":"2020-06-23T10:42:48+00:00","article_modified_time":"2024-02-21T10:46:37+00:00","og_image":[{"width":1280,"height":853,"url":"https:\/\/aeca-catequetas.es\/wp-content\/uploads\/2020\/06\/fisichella.jpeg","type":"image\/jpeg"}],"author":"webmaster","twitter_card":"summary_large_image","twitter_misc":{"Escrito por":"webmaster","Tiempo de lectura":"2 minutos"},"schema":{"@context":"https:\/\/schema.org","@graph":[{"@type":"Article","@id":"https:\/\/aeca-catequetas.es\/index.php\/2020\/06\/23\/presentacion-en-roma-del-nuevo-directorio-de-catequesis\/#article","isPartOf":{"@id":"https:\/\/aeca-catequetas.es\/index.php\/2020\/06\/23\/presentacion-en-roma-del-nuevo-directorio-de-catequesis\/"},"author":{"name":"webmaster","@id":"https:\/\/aeca-catequetas.es\/#\/schema\/person\/510ee7731f0229f7a896e5f62ff53292"},"headline":"Nuevo Directorio de Catequesis","datePublished":"2020-06-23T10:42:48+00:00","dateModified":"2024-02-21T10:46:37+00:00","mainEntityOfPage":{"@id":"https:\/\/aeca-catequetas.es\/index.php\/2020\/06\/23\/presentacion-en-roma-del-nuevo-directorio-de-catequesis\/"},"wordCount":200,"commentCount":0,"image":{"@id":"https:\/\/aeca-catequetas.es\/index.php\/2020\/06\/23\/presentacion-en-roma-del-nuevo-directorio-de-catequesis\/#primaryimage"},"thumbnailUrl":"https:\/\/aeca-catequetas.es\/wp-content\/uploads\/2020\/06\/fisichella.jpeg","keywords":["Nuevo Directorio de Catequesis","Rino Fisichella"],"articleSection":["Noticias","Nuevo directorio para la catequesis"],"inLanguage":"es","potentialAction":[{"@type":"CommentAction","name":"Comment","target":["https:\/\/aeca-catequetas.es\/index.php\/2020\/06\/23\/presentacion-en-roma-del-nuevo-directorio-de-catequesis\/#respond"]}]},{"@type":"WebPage","@id":"https:\/\/aeca-catequetas.es\/index.php\/2020\/06\/23\/presentacion-en-roma-del-nuevo-directorio-de-catequesis\/","url":"https:\/\/aeca-catequetas.es\/index.php\/2020\/06\/23\/presentacion-en-roma-del-nuevo-directorio-de-catequesis\/","name":"Nuevo Directorio de Catequesis - Asociaci\u00f3n Espa\u00f1ola de Catequetas","isPartOf":{"@id":"https:\/\/aeca-catequetas.es\/#website"},"primaryImageOfPage":{"@id":"https:\/\/aeca-catequetas.es\/index.php\/2020\/06\/23\/presentacion-en-roma-del-nuevo-directorio-de-catequesis\/#primaryimage"},"image":{"@id":"https:\/\/aeca-catequetas.es\/index.php\/2020\/06\/23\/presentacion-en-roma-del-nuevo-directorio-de-catequesis\/#primaryimage"},"thumbnailUrl":"https:\/\/aeca-catequetas.es\/wp-content\/uploads\/2020\/06\/fisichella.jpeg","datePublished":"2020-06-23T10:42:48+00:00","dateModified":"2024-02-21T10:46:37+00:00","author":{"@id":"https:\/\/aeca-catequetas.es\/#\/schema\/person\/510ee7731f0229f7a896e5f62ff53292"},"breadcrumb":{"@id":"https:\/\/aeca-catequetas.es\/index.php\/2020\/06\/23\/presentacion-en-roma-del-nuevo-directorio-de-catequesis\/#breadcrumb"},"inLanguage":"es","potentialAction":[{"@type":"ReadAction","target":["https:\/\/aeca-catequetas.es\/index.php\/2020\/06\/23\/presentacion-en-roma-del-nuevo-directorio-de-catequesis\/"]}]},{"@type":"ImageObject","inLanguage":"es","@id":"https:\/\/aeca-catequetas.es\/index.php\/2020\/06\/23\/presentacion-en-roma-del-nuevo-directorio-de-catequesis\/#primaryimage","url":"https:\/\/aeca-catequetas.es\/wp-content\/uploads\/2020\/06\/fisichella.jpeg","contentUrl":"https:\/\/aeca-catequetas.es\/wp-content\/uploads\/2020\/06\/fisichella.jpeg","width":1280,"height":853},{"@type":"BreadcrumbList","@id":"https:\/\/aeca-catequetas.es\/index.php\/2020\/06\/23\/presentacion-en-roma-del-nuevo-directorio-de-catequesis\/#breadcrumb","itemListElement":[{"@type":"ListItem","position":1,"name":"Home","item":"https:\/\/aeca-catequetas.es\/"},{"@type":"ListItem","position":2,"name":"Nuevo Directorio de Catequesis"}]},{"@type":"WebSite","@id":"https:\/\/aeca-catequetas.es\/#website","url":"https:\/\/aeca-catequetas.es\/","name":"Asociaci\u00f3n Espa\u00f1ola de Catequetas","description":"Asociaci\u00f3n Espa\u00f1ola de Catequetas","potentialAction":[{"@type":"SearchAction","target":{"@type":"EntryPoint","urlTemplate":"https:\/\/aeca-catequetas.es\/?s={search_term_string}"},"query-input":{"@type":"PropertyValueSpecification","valueRequired":true,"valueName":"search_term_string"}}],"inLanguage":"es"},{"@type":"Person","@id":"https:\/\/aeca-catequetas.es\/#\/schema\/person\/510ee7731f0229f7a896e5f62ff53292","name":"webmaster","image":{"@type":"ImageObject","inLanguage":"es","@id":"https:\/\/secure.gravatar.com\/avatar\/397ca6d635bf8d8d18cf57a1ce24b4240dbb20b43c094e2f61695671478e7a8d?s=96&d=mm&r=g","url":"https:\/\/secure.gravatar.com\/avatar\/397ca6d635bf8d8d18cf57a1ce24b4240dbb20b43c094e2f61695671478e7a8d?s=96&d=mm&r=g","contentUrl":"https:\/\/secure.gravatar.com\/avatar\/397ca6d635bf8d8d18cf57a1ce24b4240dbb20b43c094e2f61695671478e7a8d?s=96&d=mm&r=g","caption":"webmaster"},"url":"https:\/\/aeca-catequetas.es\/index.php\/author\/manuelbru\/"}]}},"jetpack_featured_media_url":"https:\/\/aeca-catequetas.es\/wp-content\/uploads\/2020\/06\/fisichella.jpeg","_links":{"self":[{"href":"https:\/\/aeca-catequetas.es\/index.php\/wp-json\/wp\/v2\/posts\/794","targetHints":{"allow":["GET"]}}],"collection":[{"href":"https:\/\/aeca-catequetas.es\/index.php\/wp-json\/wp\/v2\/posts"}],"about":[{"href":"https:\/\/aeca-catequetas.es\/index.php\/wp-json\/wp\/v2\/types\/post"}],"author":[{"embeddable":true,"href":"https:\/\/aeca-catequetas.es\/index.php\/wp-json\/wp\/v2\/users\/4"}],"replies":[{"embeddable":true,"href":"https:\/\/aeca-catequetas.es\/index.php\/wp-json\/wp\/v2\/comments?post=794"}],"version-history":[{"count":6,"href":"https:\/\/aeca-catequetas.es\/index.php\/wp-json\/wp\/v2\/posts\/794\/revisions"}],"predecessor-version":[{"id":813,"href":"https:\/\/aeca-catequetas.es\/index.php\/wp-json\/wp\/v2\/posts\/794\/revisions\/813"}],"wp:featuredmedia":[{"embeddable":true,"href":"https:\/\/aeca-catequetas.es\/index.php\/wp-json\/wp\/v2\/media\/795"}],"wp:attachment":[{"href":"https:\/\/aeca-catequetas.es\/index.php\/wp-json\/wp\/v2\/media?parent=794"}],"wp:term":[{"taxonomy":"category","embeddable":true,"href":"https:\/\/aeca-catequetas.es\/index.php\/wp-json\/wp\/v2\/categories?post=794"},{"taxonomy":"post_tag","embeddable":true,"href":"https:\/\/aeca-catequetas.es\/index.php\/wp-json\/wp\/v2\/tags?post=794"}],"curies":[{"name":"wp","href":"https:\/\/api.w.org\/{rel}","templated":true}]}}