{"id":789,"date":"2020-06-01T22:02:44","date_gmt":"2020-06-01T20:02:44","guid":{"rendered":"https:\/\/aeca-catequetas.es\/?p=789"},"modified":"2020-06-01T22:02:44","modified_gmt":"2020-06-01T20:02:44","slug":"pronunciar-una-palabra-con-espiritu","status":"publish","type":"post","link":"https:\/\/aeca-catequetas.es\/index.php\/2020\/06\/01\/pronunciar-una-palabra-con-espiritu\/","title":{"rendered":"Pronunciar una palabra con Esp\u00edritu"},"content":{"rendered":"<p><span style=\"color: #000000;\"><strong><img loading=\"lazy\" decoding=\"async\" class=\"size-medium wp-image-742 alignleft\" src=\"https:\/\/aeca-catequetas.es\/wp-content\/uploads\/2020\/05\/Juan-C.-Carvajal-225x300.jpg\" alt=\"\" width=\"225\" height=\"300\" srcset=\"https:\/\/aeca-catequetas.es\/wp-content\/uploads\/2020\/05\/Juan-C.-Carvajal-225x300.jpg 225w, https:\/\/aeca-catequetas.es\/wp-content\/uploads\/2020\/05\/Juan-C.-Carvajal-768x1024.jpg 768w, https:\/\/aeca-catequetas.es\/wp-content\/uploads\/2020\/05\/Juan-C.-Carvajal-1152x1536.jpg 1152w, https:\/\/aeca-catequetas.es\/wp-content\/uploads\/2020\/05\/Juan-C.-Carvajal-1080x1440.jpg 1080w, https:\/\/aeca-catequetas.es\/wp-content\/uploads\/2020\/05\/Juan-C.-Carvajal.jpg 1200w\" sizes=\"(max-width: 225px) 100vw, 225px\" \/>Pronunciar una palabra con Esp\u00edritu<\/strong><\/span><\/p>\n<p><span style=\"color: #000000;\"><strong>Juan Carlos Carvajal Blanco<\/strong><\/span><\/p>\n<p><span style=\"color: #000000;\"><strong>Profesor UE San D\u00e1maso<\/strong><\/span><\/p>\n<p><span style=\"color: #000000;\"><strong>Atentos a la memoria<\/strong><\/span><\/p>\n<p><span style=\"color: #000000;\">La crisis del coronavirus nos va a dejar una memoria herida por recuerdos muy dram\u00e1ticos que, por desbordar la medida humana, no encontramos palabras ni tan siquiera para deletrear lo vivido. \u00bfEn qu\u00e9 t\u00e9rminos los familiares podr\u00e1n expresar el sin sentido de una muerte que les ha arrancado a sus seres queridos? \u00bfC\u00f3mo los enfermos sacar\u00e1n fuera de s\u00ed el miedo y la incertidumbre que padecieron en la soledad de una habitaci\u00f3n? \u00bfCon qu\u00e9 explicaciones se libraran de la mala conciencia aquellos que, por decisiones impuestas, decidieron sobre la vida y la muerte? \u00bfCu\u00e1l es el sortilegio por el que se puede espantar el recuerdo de la angustia del aislamiento o del temor a llevar el virus a la propia casa?\u2026 Y sin embargo, a pesar del dolor y la verg\u00fcenza que pueda causar lo vivido, es conveniente no callarlo. La luz s\u00f3lo puede entrar por los resquicios de una palabra balbuciente.<\/span><\/p>\n<p><span style=\"color: #000000;\">La pandemia tambi\u00e9n nos deja recuerdos admirables que tampoco conviene olvidar. As\u00ed es, para ser justos, algo dentro de nosotros nos pide guardar en la memoria lo que en este tiempo se nos ha regalado y hallar la palabra que nos permita acceder a la fuente de la que ha brotado. \u00bfCu\u00e1l es el venero de d\u00f3nde ha manado la generosidad de tantos sanitarios que les han llevado a poner en riesgo la propia vida e incluso a darla? \u00bfDe d\u00f3nde ha surgido esa entrega de \u201cla gente corriente\u201d que, permaneciendo fieles en su puesto, ha hecho posible que la sociedad no se viniera abajo? \u00bfDe qu\u00e9 mina han salido esos actos de fraternidad \u2013verdaderas piedras preciosas\u2013 que, en medio del temor y la oscuridad, nos han mantenido de pie y nos han alentados la esperanza de un mundo mejor?&#8230; Tambi\u00e9n aqu\u00ed necesitamos una palabra que rescate de la memoria olvidadiza las d\u00e1divas que se nos han dado con tanta generosidad.<\/span><\/p>\n<p><span style=\"color: #000000;\"><strong>Medidos por la vida<\/strong><\/span><\/p>\n<p><span style=\"color: #000000;\">Hay acuerdo en se\u00f1alar que la crisis del coronavirus nos ha igualado a todos. El \u201cbicho\u201d nos ha nivelado a pa\u00edses pobres y ricos, a empresarios y a obreros, a gente de izquierdas y de derechas\u2026 Tambi\u00e9n nos ha igualado a creyente y no creyentes. Los cristianos hemos pasado por los mismos padecimientos, sin sentidos y angustias que los dem\u00e1s. La fe no ha sido para nosotros una red de seguridad que nos haya servido de protecci\u00f3n en las mortales ca\u00eddas que ha producido el Covid19. Podr\u00eda dar la impresi\u00f3n de que, en realidad, la fe no aporta ning\u00fan valor a\u00f1adido; y que, medidos por el mismo drama, los cristianos nos hemos comportado como otras personas con convicciones o sensibilidades humanas diferentes.<\/span><\/p>\n<p><span style=\"color: #000000;\">Quiz\u00e1 es verdad. Pero no se trata de comparar y menos de medir unos grados de entrega y esperanza de los que no se dispone una vara de medir. Pero s\u00ed es necesario preguntarnos, a un nivel radical, qu\u00e9 ha aportado y aporta la fe en una situaci\u00f3n tan desastrosa como la vivida. Y cu\u00e1l es la contribuci\u00f3n propia e inalienable de los cristianos, so pena de hacer irrelevante el Evangelio.<\/span><\/p>\n<p><span style=\"color: #000000;\"><strong>El valor de una sola palabra<\/strong><\/span><\/p>\n<p><span style=\"color: #000000;\">Para un cristiano, el terrible desastre que hemos vivido y que viviremos constituye un verdadero drama, pero nunca una tragedia. Lo que media entre estos t\u00e9rminos radica en la confianza que hemos puesto en Alguien que nos acompa\u00f1a y tiene poder sobre todo lo que destruye al ser humano. Nuestra aportaci\u00f3n particular no radica ni en una comprensi\u00f3n m\u00e1s luminosa de la vida ni en la declaraci\u00f3n de un sentido m\u00e1s cultivado. Tampoco se acredita porque nuestro compromiso rompa con la permanente tentaci\u00f3n de la indiferencia ni porque nuestra entrega sea m\u00e1s generosa. Si esto ofrecemos, bendito sea Dios. De lo que vive un cristiano \u2013y esta es su aportaci\u00f3n particular\u2013 es de reconocer que en cualquier pliegue de la existencia, por dram\u00e1tica que sea, Dios est\u00e1; no s\u00f3lo en la propia vida, sino incluso en la de aquellos que no le conocen, lo ignoran o incluso lo rechazan. De esto, tambi\u00e9n, es preciso hacer memoria en la Pandemia y encontrar una palabra que lo saque a la luz.<\/span><\/p>\n<p><span style=\"color: #000000;\">Es verdad, que algunos tienen la impresi\u00f3n de que, en medio de los dramas vividos y de los que nos queda por vivir, el anuncio de esa Presencia no pasa de ser un mero ornamento: bello para momentos de bonanza, superfluo cuando la vida est\u00e1 en peligro. Y sin embargo, no tienen en cuenta que en ello va verdaderamente la vida. A otros les paraliza pensar que, para desvelar esa Presencia, har\u00edan falta muchos discursos e infinidad de argumentos que en tiempos de emergencia solo pueden suscitar indiferencia. F\u00e1cilmente se olvidan que todo lo que esa Presencia procura y nos hace experimentar se concentra \u201cen una sola palabra, y m\u00e1s a\u00fan en una sola persona: Jes\u00fas\u201d. Este es \u2013seg\u00fan declara el papa Francisco\u2013 el verdadero aporte cristiano, y a\u00f1ade:<\/span><\/p>\n<p><span style=\"color: #000000;\">\u201cNosotros que, aunque fr\u00e1giles y pecaminosos, hemos sido inundados por el r\u00edo de la bondad de Dios, tenemos esta misi\u00f3n: encontrarnos con nuestros contempor\u00e1neos para hacerles conocer su amor\u201d<a style=\"color: #000000;\" href=\"#_ftn1\" name=\"_ftnref1\">[1]<\/a>.<\/span><\/p>\n<p><span style=\"color: #000000;\"><strong>Testigos de Jesucristo<\/strong><\/span><\/p>\n<p><span style=\"color: #000000;\">Lo propio del bautizado \u2013pues para eso hemos sido iluminados por la fe y ungidos por la gracia del Esp\u00edritu\u2013 es la de testimoniar el amor de Dios reconocido en el rostro personal de Jesucristo. Esta misi\u00f3n es permanente, nunca optativa. Se nos ha dado la identidad de cristiano para dar a conocer un nombre que no podemos callar, so pena de hacer una grave dejaci\u00f3n de la encomienda recibida. Poco importa d\u00f3nde nos encontremos, las circunstancias que vivamos, los dramas que debamos enfrentar, los pr\u00f3jimos con los que compartamos inquietudes y zozobras, miedos y generosidad\u2026, somos portadores de un tesoro que se nos ha regalado: el nombre que revela la presencia del amor de Dios, Jes\u00fas.<\/span><\/p>\n<p><span style=\"color: #000000;\">Pero, \u00bfno ser\u00e1 una actitud proselitista anunciar este nombre, pretender que los que le tienen como ajeno lo reconozcan como propio? En definitiva, \u00bfno se esconde detr\u00e1s de ese anuncio una pretensi\u00f3n de reconquista sacral de una sociedad definitivamente emancipada? No cabe duda de que estas cuestiones est\u00e1n paralizando a muchos cristianos en su disposici\u00f3n apost\u00f3lica; incluso esa prevenci\u00f3n parecer\u00eda ser confirmada por el Papa cuando advierte sobre la pretensi\u00f3n proselitista. Y, sin embargo, es \u00e9l mismo el que distingue lo que es esta actitud espuria y lo que es cumplimiento de la misi\u00f3n:<\/span><\/p>\n<p><span style=\"color: #000000;\">\u201c\u00a1Qu\u00e9 importante es sentirse interpelado por las preguntas de los hombres y mujeres de hoy! Sin pretender tener respuestas inmediatas y sin dar respuestas preenvasadas, sino compartiendo\u00a0<em>palabras de vida<\/em>, no para hacer pros\u00e9litos, sino para dejar espacio a la fuerza creadora del Esp\u00edritu Santo, que libera el coraz\u00f3n de la esclavitud que lo oprime y lo renueva\u201d (<em>Ibid<\/em>.).<\/span><\/p>\n<p><span style=\"color: #000000;\">Todo hombre que viene al mundo es de la estirpe de Dios y, pase lo que pase, en \u00c9l vive, se mueve y existe (cf. Hch\u00a017,28). Cualquier var\u00f3n o mujer, especialmente en las situaciones l\u00edmites como las que hemos vivido y viviremos, son portadores de inquietudes y de temores, de anhelos de vida y de amor inagotables. Sin embargo, por el don de la fe, el Esp\u00edritu de Dios nos ha revelado a los cristianos el Misterio que \u201cni el ojo vio, ni el o\u00eddo oy\u00f3, ni el hombre puede pensar lo que Dios ha preparado para los que lo aman\u201d (1 Co\u00a02,9-10). Nuestra misi\u00f3n es entrar en dialogo con los que vivimos y compartir con ellos, no con f\u00f3rmulas enlatadas sino con palabras de vida, la luz de ese Misterio con la que hemos sido agraciados. No porque est\u00e9 en nosotros revelar la presencia de Jes\u00fas en sus vidas, sino porque es el modo de dar ocasi\u00f3n a que sea el Esp\u00edritu el que mueva su libertad y puedan reconocer su compa\u00f1\u00eda y aceptar su presencia salvadora.<\/span><\/p>\n<p><span style=\"color: #000000;\"><strong>Una catequesis que prepare para el anuncio<\/strong><\/span><\/p>\n<p><span style=\"color: #000000;\">Desde el inicio de su pontificado, el papa Francisco ha hecho del primer anuncio el pivote sobre el que ha de girar la conversi\u00f3n misionera de la Iglesia. Precisamente por esto, el anuncio del kerigma no puede ser cuesti\u00f3n de especialistas. La cuesti\u00f3n que esta pandemia deja en el aire es si los cristianos, en plena di\u00e1spora, hemos sabido dialogar en las situaciones dram\u00e1ticas que hemos compartido, y si de un modo sencillo, incluso balbuciente, hemos tenido el valor de pronunciar el Nombre por el que nos viene la salvaci\u00f3n. La catequesis de iniciaci\u00f3n no puede ignorar que este es uno de sus objetivos: alumbrar verdaderos ap\u00f3stoles de Jes\u00fas, misioneros suyos que den testimonio de \u00c9l con obras, pero tambi\u00e9n con palabras.<\/span><\/p>\n<p><span style=\"color: #000000;\">En efecto, por el bautismo, los cristianos participamos del oficio prof\u00e9tico de Cristo. Y es en virtud del don del Esp\u00edritu \u2013recibido por la crismaci\u00f3n\u2013 que somos investidos con el sentido de la fe que nos hace reconocer las cosas de Dios en la vida ordinaria y tambi\u00e9n recibimos la gracia de la palabra con poder para desvelar su presencia amorosa (cf. Juan Pablo II, <em>Christifideles laici<\/em> 14f). Aqu\u00ed no hace falta una gran oratoria, tampoco poseer una bater\u00eda de argumentos. La catequesis debe persuadir a los iniciados de que est\u00e1n capacitados para pronunciar con libertad (parresia) la palabra que desvela una presencia: Jes\u00fas, y tambi\u00e9n les debe llevar a confiar en la acci\u00f3n misteriosa del Esp\u00edritu que, a trav\u00e9s de esa pobre palabra, tiene poder para convertir los corazones.<\/span><\/p>\n<p><span style=\"color: #000000;\">No cabe duda de que Dios ha estado activo en esta Pandemia. Como dice Jes\u00fas: \u201cMi Padre sigue actuando, y yo tambi\u00e9n act\u00fao\u201d (Jn\u00a05, 17). \u00c9l ha prodigado su cercan\u00eda y sus actos de amor. Pero, mientras los cristianos no tengamos el valor para deletrear \u201cel Nombre\u201d; muchos \u2013seg\u00fan haya sido su destino\u2013 podr\u00e1n sentirse desheredados y otros disfrutar de unos dones reivindicados como derechos. Sin embargo, ni unos ni otros podr\u00e1n reconocer que en todo instante han estado en las manos de Dios y que su amor es una verdadera gracia y tiene siempre la \u00faltima palabra.<\/span><\/p>\n<p><span style=\"color: #000000;\"><a style=\"color: #000000;\" href=\"#_ftnref1\" name=\"_ftn1\">[1]<\/a> Francisco, <em>Discurso a los participantes del Encuentro Internacional: \u201cEncontrar a Dios, \u00bfes posible?\u201d, para Centros acad\u00e9micos, Movimientos y Asociaciones de nueva evangelizaci\u00f3n <\/em>(21 de septiembre de 2019).<\/span><\/p>\n<p><strong><span style=\"color: #000000;\">PDF DEL ART\u00cdCULO: <a style=\"color: #000000;\" href=\"https:\/\/aeca-catequetas.es\/wp-content\/uploads\/2020\/06\/J.-C.-CARVAJALPronunciar-una-palabra-con-Espi\u0301ritu.pdf\">J. C. CARVAJALPronunciar una palabra con Espi\u0301ritu<\/a><\/span><\/strong><\/p>\n","protected":false},"excerpt":{"rendered":"<p>Pronunciar una palabra con Esp\u00edritu Juan Carlos Carvajal Blanco Profesor UE San D\u00e1maso Atentos a la memoria La crisis del coronavirus nos va a dejar una memoria herida por recuerdos muy dram\u00e1ticos que, por desbordar la medida humana, no encontramos palabras ni tan siquiera para deletrear lo vivido. \u00bfEn qu\u00e9 t\u00e9rminos los familiares podr\u00e1n expresar [&hellip;]<\/p>\n","protected":false},"author":4,"featured_media":790,"comment_status":"open","ping_status":"open","sticky":false,"template":"","format":"standard","meta":{"_et_pb_use_builder":"","_et_pb_old_content":"","_et_gb_content_width":"","footnotes":""},"categories":[162],"tags":[171,122,190],"class_list":["post-789","post","type-post","status-publish","format-standard","has-post-thumbnail","hentry","category-catequesis-y-pandemia","tag-catequesis-y-pandemia","tag-juan-carlos-carvajal-blanco","tag-pronunciar-una-palabra-con-espiritu","et-has-post-format-content","et_post_format-et-post-format-standard"],"yoast_head":"<!-- This site is optimized with the Yoast SEO plugin v27.4 - https:\/\/yoast.com\/product\/yoast-seo-wordpress\/ -->\n<title>Pronunciar una palabra con Esp\u00edritu - Asociaci\u00f3n Espa\u00f1ola de Catequetas<\/title>\n<meta name=\"robots\" content=\"index, follow, max-snippet:-1, max-image-preview:large, max-video-preview:-1\" \/>\n<link rel=\"canonical\" href=\"https:\/\/aeca-catequetas.es\/index.php\/2020\/06\/01\/pronunciar-una-palabra-con-espiritu\/\" \/>\n<meta property=\"og:locale\" content=\"es_ES\" \/>\n<meta property=\"og:type\" content=\"article\" \/>\n<meta property=\"og:title\" content=\"Pronunciar una palabra con Esp\u00edritu - Asociaci\u00f3n Espa\u00f1ola de Catequetas\" \/>\n<meta property=\"og:description\" content=\"Pronunciar una palabra con Esp\u00edritu Juan Carlos Carvajal Blanco Profesor UE San D\u00e1maso Atentos a la memoria La crisis del coronavirus nos va a dejar una memoria herida por recuerdos muy dram\u00e1ticos que, por desbordar la medida humana, no encontramos palabras ni tan siquiera para deletrear lo vivido. \u00bfEn qu\u00e9 t\u00e9rminos los familiares podr\u00e1n expresar [&hellip;]\" \/>\n<meta property=\"og:url\" content=\"https:\/\/aeca-catequetas.es\/index.php\/2020\/06\/01\/pronunciar-una-palabra-con-espiritu\/\" \/>\n<meta property=\"og:site_name\" content=\"Asociaci\u00f3n Espa\u00f1ola de Catequetas\" \/>\n<meta property=\"article:published_time\" content=\"2020-06-01T20:02:44+00:00\" \/>\n<meta property=\"og:image\" content=\"https:\/\/aeca-catequetas.es\/wp-content\/uploads\/2020\/06\/CARETA-PALABRA-CON-ESPIRITU-CARVAJAL.png\" \/>\n\t<meta property=\"og:image:width\" content=\"1450\" \/>\n\t<meta property=\"og:image:height\" content=\"820\" \/>\n\t<meta property=\"og:image:type\" content=\"image\/png\" \/>\n<meta name=\"author\" content=\"webmaster\" \/>\n<meta name=\"twitter:card\" content=\"summary_large_image\" \/>\n<meta name=\"twitter:label1\" content=\"Escrito por\" \/>\n\t<meta name=\"twitter:data1\" content=\"webmaster\" \/>\n\t<meta name=\"twitter:label2\" content=\"Tiempo de lectura\" \/>\n\t<meta name=\"twitter:data2\" content=\"9 minutos\" \/>\n<script type=\"application\/ld+json\" class=\"yoast-schema-graph\">{\"@context\":\"https:\\\/\\\/schema.org\",\"@graph\":[{\"@type\":\"Article\",\"@id\":\"https:\\\/\\\/aeca-catequetas.es\\\/index.php\\\/2020\\\/06\\\/01\\\/pronunciar-una-palabra-con-espiritu\\\/#article\",\"isPartOf\":{\"@id\":\"https:\\\/\\\/aeca-catequetas.es\\\/index.php\\\/2020\\\/06\\\/01\\\/pronunciar-una-palabra-con-espiritu\\\/\"},\"author\":{\"name\":\"webmaster\",\"@id\":\"https:\\\/\\\/aeca-catequetas.es\\\/#\\\/schema\\\/person\\\/510ee7731f0229f7a896e5f62ff53292\"},\"headline\":\"Pronunciar una palabra con Esp\u00edritu\",\"datePublished\":\"2020-06-01T20:02:44+00:00\",\"mainEntityOfPage\":{\"@id\":\"https:\\\/\\\/aeca-catequetas.es\\\/index.php\\\/2020\\\/06\\\/01\\\/pronunciar-una-palabra-con-espiritu\\\/\"},\"wordCount\":1823,\"commentCount\":0,\"image\":{\"@id\":\"https:\\\/\\\/aeca-catequetas.es\\\/index.php\\\/2020\\\/06\\\/01\\\/pronunciar-una-palabra-con-espiritu\\\/#primaryimage\"},\"thumbnailUrl\":\"https:\\\/\\\/aeca-catequetas.es\\\/wp-content\\\/uploads\\\/2020\\\/06\\\/CARETA-PALABRA-CON-ESPIRITU-CARVAJAL.png\",\"keywords\":[\"CATEQUESIS Y PANDEMIA\",\"Juan Carlos Carvajal Blanco\",\"Pronunciar una palabra con Esp\u00edritu\"],\"articleSection\":[\"Catequesis y Pandemia\"],\"inLanguage\":\"es\",\"potentialAction\":[{\"@type\":\"CommentAction\",\"name\":\"Comment\",\"target\":[\"https:\\\/\\\/aeca-catequetas.es\\\/index.php\\\/2020\\\/06\\\/01\\\/pronunciar-una-palabra-con-espiritu\\\/#respond\"]}]},{\"@type\":\"WebPage\",\"@id\":\"https:\\\/\\\/aeca-catequetas.es\\\/index.php\\\/2020\\\/06\\\/01\\\/pronunciar-una-palabra-con-espiritu\\\/\",\"url\":\"https:\\\/\\\/aeca-catequetas.es\\\/index.php\\\/2020\\\/06\\\/01\\\/pronunciar-una-palabra-con-espiritu\\\/\",\"name\":\"Pronunciar una palabra con Esp\u00edritu - Asociaci\u00f3n Espa\u00f1ola de Catequetas\",\"isPartOf\":{\"@id\":\"https:\\\/\\\/aeca-catequetas.es\\\/#website\"},\"primaryImageOfPage\":{\"@id\":\"https:\\\/\\\/aeca-catequetas.es\\\/index.php\\\/2020\\\/06\\\/01\\\/pronunciar-una-palabra-con-espiritu\\\/#primaryimage\"},\"image\":{\"@id\":\"https:\\\/\\\/aeca-catequetas.es\\\/index.php\\\/2020\\\/06\\\/01\\\/pronunciar-una-palabra-con-espiritu\\\/#primaryimage\"},\"thumbnailUrl\":\"https:\\\/\\\/aeca-catequetas.es\\\/wp-content\\\/uploads\\\/2020\\\/06\\\/CARETA-PALABRA-CON-ESPIRITU-CARVAJAL.png\",\"datePublished\":\"2020-06-01T20:02:44+00:00\",\"author\":{\"@id\":\"https:\\\/\\\/aeca-catequetas.es\\\/#\\\/schema\\\/person\\\/510ee7731f0229f7a896e5f62ff53292\"},\"breadcrumb\":{\"@id\":\"https:\\\/\\\/aeca-catequetas.es\\\/index.php\\\/2020\\\/06\\\/01\\\/pronunciar-una-palabra-con-espiritu\\\/#breadcrumb\"},\"inLanguage\":\"es\",\"potentialAction\":[{\"@type\":\"ReadAction\",\"target\":[\"https:\\\/\\\/aeca-catequetas.es\\\/index.php\\\/2020\\\/06\\\/01\\\/pronunciar-una-palabra-con-espiritu\\\/\"]}]},{\"@type\":\"ImageObject\",\"inLanguage\":\"es\",\"@id\":\"https:\\\/\\\/aeca-catequetas.es\\\/index.php\\\/2020\\\/06\\\/01\\\/pronunciar-una-palabra-con-espiritu\\\/#primaryimage\",\"url\":\"https:\\\/\\\/aeca-catequetas.es\\\/wp-content\\\/uploads\\\/2020\\\/06\\\/CARETA-PALABRA-CON-ESPIRITU-CARVAJAL.png\",\"contentUrl\":\"https:\\\/\\\/aeca-catequetas.es\\\/wp-content\\\/uploads\\\/2020\\\/06\\\/CARETA-PALABRA-CON-ESPIRITU-CARVAJAL.png\",\"width\":1450,\"height\":820},{\"@type\":\"BreadcrumbList\",\"@id\":\"https:\\\/\\\/aeca-catequetas.es\\\/index.php\\\/2020\\\/06\\\/01\\\/pronunciar-una-palabra-con-espiritu\\\/#breadcrumb\",\"itemListElement\":[{\"@type\":\"ListItem\",\"position\":1,\"name\":\"Home\",\"item\":\"https:\\\/\\\/aeca-catequetas.es\\\/\"},{\"@type\":\"ListItem\",\"position\":2,\"name\":\"Pronunciar una palabra con Esp\u00edritu\"}]},{\"@type\":\"WebSite\",\"@id\":\"https:\\\/\\\/aeca-catequetas.es\\\/#website\",\"url\":\"https:\\\/\\\/aeca-catequetas.es\\\/\",\"name\":\"Asociaci\u00f3n Espa\u00f1ola de Catequetas\",\"description\":\"Asociaci\u00f3n Espa\u00f1ola de Catequetas\",\"potentialAction\":[{\"@type\":\"SearchAction\",\"target\":{\"@type\":\"EntryPoint\",\"urlTemplate\":\"https:\\\/\\\/aeca-catequetas.es\\\/?s={search_term_string}\"},\"query-input\":{\"@type\":\"PropertyValueSpecification\",\"valueRequired\":true,\"valueName\":\"search_term_string\"}}],\"inLanguage\":\"es\"},{\"@type\":\"Person\",\"@id\":\"https:\\\/\\\/aeca-catequetas.es\\\/#\\\/schema\\\/person\\\/510ee7731f0229f7a896e5f62ff53292\",\"name\":\"webmaster\",\"image\":{\"@type\":\"ImageObject\",\"inLanguage\":\"es\",\"@id\":\"https:\\\/\\\/secure.gravatar.com\\\/avatar\\\/397ca6d635bf8d8d18cf57a1ce24b4240dbb20b43c094e2f61695671478e7a8d?s=96&d=mm&r=g\",\"url\":\"https:\\\/\\\/secure.gravatar.com\\\/avatar\\\/397ca6d635bf8d8d18cf57a1ce24b4240dbb20b43c094e2f61695671478e7a8d?s=96&d=mm&r=g\",\"contentUrl\":\"https:\\\/\\\/secure.gravatar.com\\\/avatar\\\/397ca6d635bf8d8d18cf57a1ce24b4240dbb20b43c094e2f61695671478e7a8d?s=96&d=mm&r=g\",\"caption\":\"webmaster\"},\"url\":\"https:\\\/\\\/aeca-catequetas.es\\\/index.php\\\/author\\\/manuelbru\\\/\"}]}<\/script>\n<!-- \/ Yoast SEO plugin. -->","yoast_head_json":{"title":"Pronunciar una palabra con Esp\u00edritu - Asociaci\u00f3n Espa\u00f1ola de Catequetas","robots":{"index":"index","follow":"follow","max-snippet":"max-snippet:-1","max-image-preview":"max-image-preview:large","max-video-preview":"max-video-preview:-1"},"canonical":"https:\/\/aeca-catequetas.es\/index.php\/2020\/06\/01\/pronunciar-una-palabra-con-espiritu\/","og_locale":"es_ES","og_type":"article","og_title":"Pronunciar una palabra con Esp\u00edritu - Asociaci\u00f3n Espa\u00f1ola de Catequetas","og_description":"Pronunciar una palabra con Esp\u00edritu Juan Carlos Carvajal Blanco Profesor UE San D\u00e1maso Atentos a la memoria La crisis del coronavirus nos va a dejar una memoria herida por recuerdos muy dram\u00e1ticos que, por desbordar la medida humana, no encontramos palabras ni tan siquiera para deletrear lo vivido. \u00bfEn qu\u00e9 t\u00e9rminos los familiares podr\u00e1n expresar [&hellip;]","og_url":"https:\/\/aeca-catequetas.es\/index.php\/2020\/06\/01\/pronunciar-una-palabra-con-espiritu\/","og_site_name":"Asociaci\u00f3n Espa\u00f1ola de Catequetas","article_published_time":"2020-06-01T20:02:44+00:00","og_image":[{"width":1450,"height":820,"url":"https:\/\/aeca-catequetas.es\/wp-content\/uploads\/2020\/06\/CARETA-PALABRA-CON-ESPIRITU-CARVAJAL.png","type":"image\/png"}],"author":"webmaster","twitter_card":"summary_large_image","twitter_misc":{"Escrito por":"webmaster","Tiempo de lectura":"9 minutos"},"schema":{"@context":"https:\/\/schema.org","@graph":[{"@type":"Article","@id":"https:\/\/aeca-catequetas.es\/index.php\/2020\/06\/01\/pronunciar-una-palabra-con-espiritu\/#article","isPartOf":{"@id":"https:\/\/aeca-catequetas.es\/index.php\/2020\/06\/01\/pronunciar-una-palabra-con-espiritu\/"},"author":{"name":"webmaster","@id":"https:\/\/aeca-catequetas.es\/#\/schema\/person\/510ee7731f0229f7a896e5f62ff53292"},"headline":"Pronunciar una palabra con Esp\u00edritu","datePublished":"2020-06-01T20:02:44+00:00","mainEntityOfPage":{"@id":"https:\/\/aeca-catequetas.es\/index.php\/2020\/06\/01\/pronunciar-una-palabra-con-espiritu\/"},"wordCount":1823,"commentCount":0,"image":{"@id":"https:\/\/aeca-catequetas.es\/index.php\/2020\/06\/01\/pronunciar-una-palabra-con-espiritu\/#primaryimage"},"thumbnailUrl":"https:\/\/aeca-catequetas.es\/wp-content\/uploads\/2020\/06\/CARETA-PALABRA-CON-ESPIRITU-CARVAJAL.png","keywords":["CATEQUESIS Y PANDEMIA","Juan Carlos Carvajal Blanco","Pronunciar una palabra con Esp\u00edritu"],"articleSection":["Catequesis y Pandemia"],"inLanguage":"es","potentialAction":[{"@type":"CommentAction","name":"Comment","target":["https:\/\/aeca-catequetas.es\/index.php\/2020\/06\/01\/pronunciar-una-palabra-con-espiritu\/#respond"]}]},{"@type":"WebPage","@id":"https:\/\/aeca-catequetas.es\/index.php\/2020\/06\/01\/pronunciar-una-palabra-con-espiritu\/","url":"https:\/\/aeca-catequetas.es\/index.php\/2020\/06\/01\/pronunciar-una-palabra-con-espiritu\/","name":"Pronunciar una palabra con Esp\u00edritu - Asociaci\u00f3n Espa\u00f1ola de Catequetas","isPartOf":{"@id":"https:\/\/aeca-catequetas.es\/#website"},"primaryImageOfPage":{"@id":"https:\/\/aeca-catequetas.es\/index.php\/2020\/06\/01\/pronunciar-una-palabra-con-espiritu\/#primaryimage"},"image":{"@id":"https:\/\/aeca-catequetas.es\/index.php\/2020\/06\/01\/pronunciar-una-palabra-con-espiritu\/#primaryimage"},"thumbnailUrl":"https:\/\/aeca-catequetas.es\/wp-content\/uploads\/2020\/06\/CARETA-PALABRA-CON-ESPIRITU-CARVAJAL.png","datePublished":"2020-06-01T20:02:44+00:00","author":{"@id":"https:\/\/aeca-catequetas.es\/#\/schema\/person\/510ee7731f0229f7a896e5f62ff53292"},"breadcrumb":{"@id":"https:\/\/aeca-catequetas.es\/index.php\/2020\/06\/01\/pronunciar-una-palabra-con-espiritu\/#breadcrumb"},"inLanguage":"es","potentialAction":[{"@type":"ReadAction","target":["https:\/\/aeca-catequetas.es\/index.php\/2020\/06\/01\/pronunciar-una-palabra-con-espiritu\/"]}]},{"@type":"ImageObject","inLanguage":"es","@id":"https:\/\/aeca-catequetas.es\/index.php\/2020\/06\/01\/pronunciar-una-palabra-con-espiritu\/#primaryimage","url":"https:\/\/aeca-catequetas.es\/wp-content\/uploads\/2020\/06\/CARETA-PALABRA-CON-ESPIRITU-CARVAJAL.png","contentUrl":"https:\/\/aeca-catequetas.es\/wp-content\/uploads\/2020\/06\/CARETA-PALABRA-CON-ESPIRITU-CARVAJAL.png","width":1450,"height":820},{"@type":"BreadcrumbList","@id":"https:\/\/aeca-catequetas.es\/index.php\/2020\/06\/01\/pronunciar-una-palabra-con-espiritu\/#breadcrumb","itemListElement":[{"@type":"ListItem","position":1,"name":"Home","item":"https:\/\/aeca-catequetas.es\/"},{"@type":"ListItem","position":2,"name":"Pronunciar una palabra con Esp\u00edritu"}]},{"@type":"WebSite","@id":"https:\/\/aeca-catequetas.es\/#website","url":"https:\/\/aeca-catequetas.es\/","name":"Asociaci\u00f3n Espa\u00f1ola de Catequetas","description":"Asociaci\u00f3n Espa\u00f1ola de Catequetas","potentialAction":[{"@type":"SearchAction","target":{"@type":"EntryPoint","urlTemplate":"https:\/\/aeca-catequetas.es\/?s={search_term_string}"},"query-input":{"@type":"PropertyValueSpecification","valueRequired":true,"valueName":"search_term_string"}}],"inLanguage":"es"},{"@type":"Person","@id":"https:\/\/aeca-catequetas.es\/#\/schema\/person\/510ee7731f0229f7a896e5f62ff53292","name":"webmaster","image":{"@type":"ImageObject","inLanguage":"es","@id":"https:\/\/secure.gravatar.com\/avatar\/397ca6d635bf8d8d18cf57a1ce24b4240dbb20b43c094e2f61695671478e7a8d?s=96&d=mm&r=g","url":"https:\/\/secure.gravatar.com\/avatar\/397ca6d635bf8d8d18cf57a1ce24b4240dbb20b43c094e2f61695671478e7a8d?s=96&d=mm&r=g","contentUrl":"https:\/\/secure.gravatar.com\/avatar\/397ca6d635bf8d8d18cf57a1ce24b4240dbb20b43c094e2f61695671478e7a8d?s=96&d=mm&r=g","caption":"webmaster"},"url":"https:\/\/aeca-catequetas.es\/index.php\/author\/manuelbru\/"}]}},"jetpack_featured_media_url":"https:\/\/aeca-catequetas.es\/wp-content\/uploads\/2020\/06\/CARETA-PALABRA-CON-ESPIRITU-CARVAJAL.png","_links":{"self":[{"href":"https:\/\/aeca-catequetas.es\/index.php\/wp-json\/wp\/v2\/posts\/789","targetHints":{"allow":["GET"]}}],"collection":[{"href":"https:\/\/aeca-catequetas.es\/index.php\/wp-json\/wp\/v2\/posts"}],"about":[{"href":"https:\/\/aeca-catequetas.es\/index.php\/wp-json\/wp\/v2\/types\/post"}],"author":[{"embeddable":true,"href":"https:\/\/aeca-catequetas.es\/index.php\/wp-json\/wp\/v2\/users\/4"}],"replies":[{"embeddable":true,"href":"https:\/\/aeca-catequetas.es\/index.php\/wp-json\/wp\/v2\/comments?post=789"}],"version-history":[{"count":1,"href":"https:\/\/aeca-catequetas.es\/index.php\/wp-json\/wp\/v2\/posts\/789\/revisions"}],"predecessor-version":[{"id":792,"href":"https:\/\/aeca-catequetas.es\/index.php\/wp-json\/wp\/v2\/posts\/789\/revisions\/792"}],"wp:featuredmedia":[{"embeddable":true,"href":"https:\/\/aeca-catequetas.es\/index.php\/wp-json\/wp\/v2\/media\/790"}],"wp:attachment":[{"href":"https:\/\/aeca-catequetas.es\/index.php\/wp-json\/wp\/v2\/media?parent=789"}],"wp:term":[{"taxonomy":"category","embeddable":true,"href":"https:\/\/aeca-catequetas.es\/index.php\/wp-json\/wp\/v2\/categories?post=789"},{"taxonomy":"post_tag","embeddable":true,"href":"https:\/\/aeca-catequetas.es\/index.php\/wp-json\/wp\/v2\/tags?post=789"}],"curies":[{"name":"wp","href":"https:\/\/api.w.org\/{rel}","templated":true}]}}