{"id":778,"date":"2020-05-30T18:04:57","date_gmt":"2020-05-30T16:04:57","guid":{"rendered":"https:\/\/aeca-catequetas.es\/?p=778"},"modified":"2020-05-30T18:04:57","modified_gmt":"2020-05-30T16:04:57","slug":"la-crisis-del-coronavirus-una-gran-oportunidad-para-la-catequesis-familiar","status":"publish","type":"post","link":"https:\/\/aeca-catequetas.es\/index.php\/2020\/05\/30\/la-crisis-del-coronavirus-una-gran-oportunidad-para-la-catequesis-familiar\/","title":{"rendered":"La crisis del Coronavirus:  Una gran oportunidad para la catequesis familiar"},"content":{"rendered":"<p><span style=\"color: #000000;\"><strong><img loading=\"lazy\" decoding=\"async\" class=\"size-medium wp-image-775 alignleft\" src=\"https:\/\/aeca-catequetas.es\/wp-content\/uploads\/2020\/05\/JOSE-ANTONIO-SANCHEZ-246x300.jpg\" alt=\"\" width=\"246\" height=\"300\" srcset=\"https:\/\/aeca-catequetas.es\/wp-content\/uploads\/2020\/05\/JOSE-ANTONIO-SANCHEZ-246x300.jpg 246w, https:\/\/aeca-catequetas.es\/wp-content\/uploads\/2020\/05\/JOSE-ANTONIO-SANCHEZ.jpg 420w\" sizes=\"(max-width: 246px) 100vw, 246px\" \/>La crisis del Coronavirus:<\/strong><\/span><\/p>\n<p><span style=\"color: #000000;\"><strong>Una gran oportunidad para la catequesis familiar<\/strong><\/span><\/p>\n<p><span style=\"color: #000000;\"><strong>Jos\u00e9 Antonio S\u00e1nchez Ortiz<\/strong><\/span><\/p>\n<p><span style=\"color: #000000;\"><strong>Delegado diocesano de catequesis (Di\u00f3cesis de Ja\u00e9n)<\/strong><\/span><\/p>\n<p><span style=\"color: #000000;\">La irrupci\u00f3n del Coronavirus ha puesto en jaque muchos aspectos de la vida ordinaria, pero de manera particular el modelo de relaci\u00f3n social. Por eso, su repercusi\u00f3n tambi\u00e9n ha afectado inexorablemente a la Iglesia y al actual modelo de pastoral. La crisis del Covid-19 ha cerradolos templos y, en un primer momento, ha congelado la mayor\u00eda de las actividades pastorales parroquiales, entre ellas la catequesis. La declaraci\u00f3n del estado de alarma, que conllev\u00f3 el confinamiento de la sociedad, paraliz\u00f3 el desarrollo de las catequesis presenciales en los centros parroquiales y la participaci\u00f3n de los catec\u00famenos en la vida lit\u00fargica de la comunidad cristiana. As\u00ed que, de un d\u00eda para otro, la crisis sanitaria no solo deriv\u00f3 hacia una crisis social y econ\u00f3mica, sino que tambi\u00e9n ha supuesto una crisis pastoral.<\/span><\/p>\n<p><span style=\"color: #000000;\">En ese momento urgido de respuesta, \u201cla creatividad misionera del Pastor y de la comunidad\u201d (EG 28) se agudiz\u00f3 por doquier, dando lugar al florecimiento de hermosas iniciativas pastorales y catequ\u00e9ticas que han posibilitado, en muchos casos, continuar los procesos catecumenales, sobre todo de aquellos que se encuentran prepar\u00e1ndose para la celebraci\u00f3n de alguno de los sacramentos de la iniciaci\u00f3n cristiana. Las propuestas se han multiplicado: la utilizaci\u00f3n de las redes sociales, la grabaci\u00f3n de videos con sesiones de catequesis, la elaboraci\u00f3n de juegos interactivos sobre temas del catecismo, el env\u00edo de otros materiales complementarios\u2026 La oferta de recursos y los medios utilizados en la acci\u00f3n catequ\u00e9tica han supuesto un aluvi\u00f3n de contenidos y una verdadera novedad pedag\u00f3gica en muchas parroquias, si bien, desgraciadamente, la respuesta ha sido desigual y no siempre tan satisfactoria como se pod\u00eda esperar.<\/span><\/p>\n<p><span style=\"color: #000000;\">No obstante, la verdadera y gran novedad que aparece en la acci\u00f3n catequ\u00e9tica durante la pandemia del Covid-19 ha sido la necesaria implicaci\u00f3n de los padres en la transmisi\u00f3n de la fe a sus hijos. Ellos, lo mismo que han tenido que asumir la corresponsabilidad de la educaci\u00f3n escolar, guiados por los docentes, tambi\u00e9n han asumido la tarea catequ\u00e9tica de su progenie, acompa\u00f1ados por los catequistas. De manera que la llegada de la pandemia ha supuesto, para un gran n\u00famero de padres, la oportunidad para asumir una responsabilidad que hab\u00edan cejado en la comunidad cristiana y las sesiones catequ\u00e9ticas ofrecidas por la parroquia.<\/span><\/p>\n<p><span style=\"color: #000000;\">La llegada de la pandemia ha recordado que es la hora de los padres-catequistas y, por tanto, de que aflore la eclesialidad de la familia cristiana. Ya desde la alta edad media<a style=\"color: #000000;\" href=\"#_ftn1\" name=\"_ftnref1\">[1]<\/a> se viene insistiendo en la responsabilidad de los padres en materia de educaci\u00f3n en la fe, pero especialmente a partir del Concilio Vaticano II<a style=\"color: #000000;\" href=\"#_ftn2\" name=\"_ftnref2\">[2]<\/a> y la exhortaci\u00f3n apost\u00f3lica <em>Catechesi\u00a0Tradendae <\/em>de Juan Pablo II. En ella, el Papa polaco record\u00f3 el valor insustituible de la catequesis familiar:<\/span><\/p>\n<p><span style=\"color: #000000;\">La acci\u00f3n catequ\u00e9tica de la familia tiene un car\u00e1cter peculiar y en cierto sentido insustituible [\u2026] La catequesis familiar precede, acompa\u00f1a y enriquece toda otra forma de catequesis (CT 18).<\/span><\/p>\n<p><span style=\"color: #000000;\">A partir de entonces, se insiste en el papel de la familia en los procesos catecumenales: el <em>Directorio General de Catequesis <\/em>(nn. 226, 227, 255), los Encuentros Mundiales de las Familias<a style=\"color: #000000;\" href=\"#_ftn3\" name=\"_ftnref3\">[3]<\/a>, algunas ense\u00f1anzas de Benedicto XVI<a style=\"color: #000000;\" href=\"#_ftn4\" name=\"_ftnref4\">[4]<\/a>, las catequesis del papa Francisco dedicadas a las familias en el a\u00f1o 2015 y otros documentos magisteriales de diferentes Conferencias Episcopales<a style=\"color: #000000;\" href=\"#_ftn5\" name=\"_ftnref5\">[5]<\/a>.<\/span><\/p>\n<p><span style=\"color: #000000;\">El confinamiento durante el estado de alarma y, despu\u00e9s, el distanciamiento social que estamos obligados a mantener hasta que no se descubra el antiviral o la vacuna, nos impiden seguir manteniendo las catequesis presenciales como hasta ahora. En este sentido, el mismo problema que deben abordar los centros educativos para impartir las clases el pr\u00f3ximo curso acad\u00e9mico, se presenta en las parroquias para poder seguir manteniendo la catequesis por medio de catequistas en los centros parroquiales. As\u00ed, al problema que tienen muchas parroquias de no contar con suficientes dependencias para poder desarrollar las actividades pastorales, se le a\u00f1ade la enorme dificultad de no ser h\u00e1biles, dadas las actuales medidas sanitarias establecidas para evitar el contagio.<\/span><\/p>\n<p><span style=\"color: #000000;\">La comunidad cristiana tendr\u00e1 que buscar la mejor forma de canalizar su responsabilidad y seguir los procesos catequ\u00e9ticos (cf. DGC 220). Pero es la hora de recordar el valor de la familia cristiana como \u201cIglesia dom\u00e9stica\u201d, y que debe ser la escuela primigenia y fundamental para la formaci\u00f3n de la fe<a style=\"color: #000000;\" href=\"#_ftn6\" name=\"_ftnref6\">[6]<\/a>.<\/span><\/p>\n<p><span style=\"color: #000000;\">La incapacidad para dar una soluci\u00f3n inmediata al distanciamiento social provocado por el Covid-19 nos descubre que los procesos catequ\u00e9ticos deber\u00edan pivotar, principalmente, sobre la catequesis \u201cfamiliar\u201d en su doble sentido: subjetivo, porque la familia, en cuanto tal, es un \u201clugar\u201d de la catequesis (cf. DGC 255) y debe convertirse en el principal catequista de los ni\u00f1os; y objetivo, porque las familias tienen que ser ayudadas por la comunidad cristiana para que puedan acompa\u00f1ar el proceso sistem\u00e1tico de iniciaci\u00f3n cristiana de los mismos.<\/span><\/p>\n<p><span style=\"color: #000000;\">En consecuencia, cada vez parece m\u00e1s evidente que la soluci\u00f3n pasa por que los padres desarrollen su misi\u00f3n originaria respecto a sus hijos y los abuelos sigan aportando su sabidur\u00eda y sentido religioso, favoreciendo un clima verdaderamente cristiano en el seno familiar (cf. DGC 255). No cabe duda de que, si la familia no asume el protagonismo de la acci\u00f3n catequ\u00e9tica, las posibilidades de que los ni\u00f1os reciban una catequesis org\u00e1nica para su iniciaci\u00f3n cristiana disminuyen de manera considerable. Por eso, la situaci\u00f3n actual provocada por la pandemia urge reforzar aquel v\u00ednculo indispensable que reclamaba el papa Francisco en una de sus audiencias generales y confiar en la gracia Dios:<\/span><\/p>\n<p><span style=\"color: #000000;\">Reforzar el v\u00ednculo entre la familia y la comunidad cristiana es hoy indispensable y urgente. Cierto, es necesario una fe generosa para reencontrar la inteligencia y la valent\u00eda para renovar esta alianza. Las familias a veces dan un paso atr\u00e1s, diciendo que no est\u00e1n a la altura [\u2026] Es verdad. Pero ninguno es digno, ninguno est\u00e1 a la altura, \u00a1ninguno tiene las fuerzas! Sin la gracia de Dios, no podremos hacer nada (<em>Audiencia General del 9 de septiembre de 2015<\/em>).<\/span><\/p>\n<p><strong>NOTAS:<\/strong><\/p>\n<p><span style=\"color: #000000;\"><a style=\"color: #000000;\" href=\"#_ftnref1\" name=\"_ftn1\">[1]<\/a> En la Edad Media se habl\u00f3 sobre la responsabilidad de los padres en la educaci\u00f3n cristiana de los hijos en: el VI concilio de Arl\u00e9s (a\u00f1o 813), can. 19; el concilio de Maguncia (813), nn. 45-47; y el VI concilio de Paris (829). Cf. J.D. Mansi, <em>Sacrorum Conciliorum nova et amplissima colecctio, <\/em>XIV, 62, 74 y 542.<\/span><\/p>\n<p><span style=\"color: #000000;\"><a style=\"color: #000000;\" href=\"#_ftnref2\" name=\"_ftn2\">[2]<\/a> Varios textos del concilio Vaticano II recuerdan esta la responsabilidad de los padres como educadores en la fe: LG 11, 35; AA 11, 30; GS 52 y GE 3.<\/span><\/p>\n<p><span style=\"color: #000000;\"><a style=\"color: #000000;\" href=\"#_ftnref3\" name=\"_ftn3\">[3]<\/a> El V Encuentro Mundial de las Familias (celebrado en Valencia del 4 al 9 de julio de 2006) llevaba por t\u00edtulo :<em>La transmisi\u00f3n de la fe en la familia.<\/em><\/span><\/p>\n<p><span style=\"color: #000000;\"><a style=\"color: #000000;\" href=\"#_ftnref4\" name=\"_ftn4\">[4]<\/a> Se puede recordar lo que dijo Benedicto XVI a los obispos filipinos en su visita <em>ad limina<\/em>: \u00abMentre continuate a rafforzare la catechesi nelle vostre diocesi, non mancate di includere in essa la prossimit\u00e0 alle famiglie, con particolare attenzione ai genitori nel loro ruolo di primi educatori dei figli nella fede. Quest\u2019opera \u00e8 gi\u00e0 evidente nel sostegno che offrite alla famiglia di fronte a influenze che potrebbero diminuirne o distruggerne i diritti e l\u2019integrit\u00e0. So che offrire questo tipo di formazione catechetica non \u00e8 compito da poco e colgo l\u2019opportunit\u00e0 per salutare le numerose suore e i catechisti laici che vi assistono in quest\u2019importante opera\u00bb (Benedicto XVI, <em>Discurso a los obispos de la Conferencia Episcopal de Filipinas en visita \u00abad limina apostolorum\u00bb, <\/em>3 de marzo de 2011).<\/span><\/p>\n<p><span style=\"color: #000000;\"><a style=\"color: #000000;\" href=\"#_ftnref5\" name=\"_ftn5\">[5]<\/a> Cf. Cf. Conferencia Episcopal Espa\u00f1ola, <em>La iniciaci\u00f3n cristiana. Reflexiones y orientaciones. LXX Asamblea Plenaria de la Conferencia Episcopal Espa\u00f1ola, <\/em>Madrid, 27 de noviembre de 1998, especialmente el n\u00famero 34; Assembl\u00e9e des Ev\u00eaques du Qu\u00e9bec, <em>J\u00e9sus Christ chemin d&#8217;humanisation. Orientation pour la formation \u00e0 la vie chr\u00e9tienne<\/em>, Montr\u00e9al 2004; Die deutschen Bisch\u00f6fe, <em>Katechese in ver\u00e4nderter Zeit, <\/em>22 de junio de 2004; V Conferencia General del Episcopado Latinoamericano y del Caribe, <em>Disc\u00edpulos y Misioneros de Jesucristo para que nuestros pueblos en \u00c9l tengan vida \u201cYo soy el Camino, la Verdad y la Vida\u201d (Jn 16,4), <\/em>Aparecida 13-31 de mayo de 2007, nn. 302-303.<\/span><\/p>\n<p><span style=\"color: #000000;\"><a style=\"color: #000000;\" href=\"#_ftnref6\" name=\"_ftn6\">[6]<\/a> Cf. Juan Pablo II, <em>Christifideles laici, <\/em>Roma 1988, n.62.<\/span><\/p>\n<p><strong><span style=\"color: #000000;\">ART\u00cdCULO EN PDF: <a style=\"color: #000000;\" href=\"https:\/\/aeca-catequetas.es\/wp-content\/uploads\/2020\/05\/J.-A.-SA\u0301NCHEZ-Una-oportunidad-para-la-catequesis-familiar.pdf\">J. A. SA\u0301NCHEZ Una oportunidad para la catequesis familiar<\/a><\/span><\/strong><\/p>\n","protected":false},"excerpt":{"rendered":"<p>La crisis del Coronavirus: Una gran oportunidad para la catequesis familiar Jos\u00e9 Antonio S\u00e1nchez Ortiz Delegado diocesano de catequesis (Di\u00f3cesis de Ja\u00e9n) La irrupci\u00f3n del Coronavirus ha puesto en jaque muchos aspectos de la vida ordinaria, pero de manera particular el modelo de relaci\u00f3n social. Por eso, su repercusi\u00f3n tambi\u00e9n ha afectado inexorablemente a la [&hellip;]<\/p>\n","protected":false},"author":4,"featured_media":779,"comment_status":"open","ping_status":"open","sticky":false,"template":"","format":"standard","meta":{"_et_pb_use_builder":"","_et_pb_old_content":"","_et_gb_content_width":"","footnotes":""},"categories":[162],"tags":[171,188,189],"class_list":["post-778","post","type-post","status-publish","format-standard","has-post-thumbnail","hentry","category-catequesis-y-pandemia","tag-catequesis-y-pandemia","tag-jose-antonio-sanchez-ortiz","tag-la-crisis-del-coronavirus-una-gran-oportunidad-para-la-catequesis-familiar","et-has-post-format-content","et_post_format-et-post-format-standard"],"yoast_head":"<!-- This site is optimized with the Yoast SEO plugin v27.4 - https:\/\/yoast.com\/product\/yoast-seo-wordpress\/ -->\n<title>La crisis del Coronavirus: Una gran oportunidad para la catequesis familiar - Asociaci\u00f3n Espa\u00f1ola de Catequetas<\/title>\n<meta name=\"robots\" content=\"index, follow, max-snippet:-1, max-image-preview:large, max-video-preview:-1\" \/>\n<link rel=\"canonical\" href=\"https:\/\/aeca-catequetas.es\/index.php\/2020\/05\/30\/la-crisis-del-coronavirus-una-gran-oportunidad-para-la-catequesis-familiar\/\" \/>\n<meta property=\"og:locale\" content=\"es_ES\" \/>\n<meta property=\"og:type\" content=\"article\" \/>\n<meta property=\"og:title\" content=\"La crisis del Coronavirus: Una gran oportunidad para la catequesis familiar - Asociaci\u00f3n Espa\u00f1ola de Catequetas\" \/>\n<meta property=\"og:description\" content=\"La crisis del Coronavirus: Una gran oportunidad para la catequesis familiar Jos\u00e9 Antonio S\u00e1nchez Ortiz Delegado diocesano de catequesis (Di\u00f3cesis de Ja\u00e9n) La irrupci\u00f3n del Coronavirus ha puesto en jaque muchos aspectos de la vida ordinaria, pero de manera particular el modelo de relaci\u00f3n social. Por eso, su repercusi\u00f3n tambi\u00e9n ha afectado inexorablemente a la [&hellip;]\" \/>\n<meta property=\"og:url\" content=\"https:\/\/aeca-catequetas.es\/index.php\/2020\/05\/30\/la-crisis-del-coronavirus-una-gran-oportunidad-para-la-catequesis-familiar\/\" \/>\n<meta property=\"og:site_name\" content=\"Asociaci\u00f3n Espa\u00f1ola de Catequetas\" \/>\n<meta property=\"article:published_time\" content=\"2020-05-30T16:04:57+00:00\" \/>\n<meta property=\"og:image\" content=\"https:\/\/aeca-catequetas.es\/wp-content\/uploads\/2020\/05\/CARTA-GRAN-OPORTUNIDAD-SANCHEZ-ORTIZ.png\" \/>\n\t<meta property=\"og:image:width\" content=\"1449\" \/>\n\t<meta property=\"og:image:height\" content=\"820\" \/>\n\t<meta property=\"og:image:type\" content=\"image\/png\" \/>\n<meta name=\"author\" content=\"webmaster\" \/>\n<meta name=\"twitter:card\" content=\"summary_large_image\" \/>\n<meta name=\"twitter:label1\" content=\"Escrito por\" \/>\n\t<meta name=\"twitter:data1\" content=\"webmaster\" \/>\n\t<meta name=\"twitter:label2\" content=\"Tiempo de lectura\" \/>\n\t<meta name=\"twitter:data2\" content=\"7 minutos\" \/>\n<script type=\"application\/ld+json\" class=\"yoast-schema-graph\">{\"@context\":\"https:\\\/\\\/schema.org\",\"@graph\":[{\"@type\":\"Article\",\"@id\":\"https:\\\/\\\/aeca-catequetas.es\\\/index.php\\\/2020\\\/05\\\/30\\\/la-crisis-del-coronavirus-una-gran-oportunidad-para-la-catequesis-familiar\\\/#article\",\"isPartOf\":{\"@id\":\"https:\\\/\\\/aeca-catequetas.es\\\/index.php\\\/2020\\\/05\\\/30\\\/la-crisis-del-coronavirus-una-gran-oportunidad-para-la-catequesis-familiar\\\/\"},\"author\":{\"name\":\"webmaster\",\"@id\":\"https:\\\/\\\/aeca-catequetas.es\\\/#\\\/schema\\\/person\\\/510ee7731f0229f7a896e5f62ff53292\"},\"headline\":\"La crisis del Coronavirus: Una gran oportunidad para la catequesis familiar\",\"datePublished\":\"2020-05-30T16:04:57+00:00\",\"mainEntityOfPage\":{\"@id\":\"https:\\\/\\\/aeca-catequetas.es\\\/index.php\\\/2020\\\/05\\\/30\\\/la-crisis-del-coronavirus-una-gran-oportunidad-para-la-catequesis-familiar\\\/\"},\"wordCount\":1434,\"commentCount\":0,\"image\":{\"@id\":\"https:\\\/\\\/aeca-catequetas.es\\\/index.php\\\/2020\\\/05\\\/30\\\/la-crisis-del-coronavirus-una-gran-oportunidad-para-la-catequesis-familiar\\\/#primaryimage\"},\"thumbnailUrl\":\"https:\\\/\\\/aeca-catequetas.es\\\/wp-content\\\/uploads\\\/2020\\\/05\\\/CARTA-GRAN-OPORTUNIDAD-SANCHEZ-ORTIZ.png\",\"keywords\":[\"CATEQUESIS Y PANDEMIA\",\"Jos\u00e9 Antonio S\u00e1nchez Ortiz\",\"La crisis del Coronavirus: Una gran oportunidad para la catequesis familiar\"],\"articleSection\":[\"Catequesis y Pandemia\"],\"inLanguage\":\"es\",\"potentialAction\":[{\"@type\":\"CommentAction\",\"name\":\"Comment\",\"target\":[\"https:\\\/\\\/aeca-catequetas.es\\\/index.php\\\/2020\\\/05\\\/30\\\/la-crisis-del-coronavirus-una-gran-oportunidad-para-la-catequesis-familiar\\\/#respond\"]}]},{\"@type\":\"WebPage\",\"@id\":\"https:\\\/\\\/aeca-catequetas.es\\\/index.php\\\/2020\\\/05\\\/30\\\/la-crisis-del-coronavirus-una-gran-oportunidad-para-la-catequesis-familiar\\\/\",\"url\":\"https:\\\/\\\/aeca-catequetas.es\\\/index.php\\\/2020\\\/05\\\/30\\\/la-crisis-del-coronavirus-una-gran-oportunidad-para-la-catequesis-familiar\\\/\",\"name\":\"La crisis del Coronavirus: Una gran oportunidad para la catequesis familiar - Asociaci\u00f3n Espa\u00f1ola de Catequetas\",\"isPartOf\":{\"@id\":\"https:\\\/\\\/aeca-catequetas.es\\\/#website\"},\"primaryImageOfPage\":{\"@id\":\"https:\\\/\\\/aeca-catequetas.es\\\/index.php\\\/2020\\\/05\\\/30\\\/la-crisis-del-coronavirus-una-gran-oportunidad-para-la-catequesis-familiar\\\/#primaryimage\"},\"image\":{\"@id\":\"https:\\\/\\\/aeca-catequetas.es\\\/index.php\\\/2020\\\/05\\\/30\\\/la-crisis-del-coronavirus-una-gran-oportunidad-para-la-catequesis-familiar\\\/#primaryimage\"},\"thumbnailUrl\":\"https:\\\/\\\/aeca-catequetas.es\\\/wp-content\\\/uploads\\\/2020\\\/05\\\/CARTA-GRAN-OPORTUNIDAD-SANCHEZ-ORTIZ.png\",\"datePublished\":\"2020-05-30T16:04:57+00:00\",\"author\":{\"@id\":\"https:\\\/\\\/aeca-catequetas.es\\\/#\\\/schema\\\/person\\\/510ee7731f0229f7a896e5f62ff53292\"},\"breadcrumb\":{\"@id\":\"https:\\\/\\\/aeca-catequetas.es\\\/index.php\\\/2020\\\/05\\\/30\\\/la-crisis-del-coronavirus-una-gran-oportunidad-para-la-catequesis-familiar\\\/#breadcrumb\"},\"inLanguage\":\"es\",\"potentialAction\":[{\"@type\":\"ReadAction\",\"target\":[\"https:\\\/\\\/aeca-catequetas.es\\\/index.php\\\/2020\\\/05\\\/30\\\/la-crisis-del-coronavirus-una-gran-oportunidad-para-la-catequesis-familiar\\\/\"]}]},{\"@type\":\"ImageObject\",\"inLanguage\":\"es\",\"@id\":\"https:\\\/\\\/aeca-catequetas.es\\\/index.php\\\/2020\\\/05\\\/30\\\/la-crisis-del-coronavirus-una-gran-oportunidad-para-la-catequesis-familiar\\\/#primaryimage\",\"url\":\"https:\\\/\\\/aeca-catequetas.es\\\/wp-content\\\/uploads\\\/2020\\\/05\\\/CARTA-GRAN-OPORTUNIDAD-SANCHEZ-ORTIZ.png\",\"contentUrl\":\"https:\\\/\\\/aeca-catequetas.es\\\/wp-content\\\/uploads\\\/2020\\\/05\\\/CARTA-GRAN-OPORTUNIDAD-SANCHEZ-ORTIZ.png\",\"width\":1449,\"height\":820},{\"@type\":\"BreadcrumbList\",\"@id\":\"https:\\\/\\\/aeca-catequetas.es\\\/index.php\\\/2020\\\/05\\\/30\\\/la-crisis-del-coronavirus-una-gran-oportunidad-para-la-catequesis-familiar\\\/#breadcrumb\",\"itemListElement\":[{\"@type\":\"ListItem\",\"position\":1,\"name\":\"Home\",\"item\":\"https:\\\/\\\/aeca-catequetas.es\\\/\"},{\"@type\":\"ListItem\",\"position\":2,\"name\":\"La crisis del Coronavirus: Una gran oportunidad para la catequesis familiar\"}]},{\"@type\":\"WebSite\",\"@id\":\"https:\\\/\\\/aeca-catequetas.es\\\/#website\",\"url\":\"https:\\\/\\\/aeca-catequetas.es\\\/\",\"name\":\"Asociaci\u00f3n Espa\u00f1ola de Catequetas\",\"description\":\"Asociaci\u00f3n Espa\u00f1ola de Catequetas\",\"potentialAction\":[{\"@type\":\"SearchAction\",\"target\":{\"@type\":\"EntryPoint\",\"urlTemplate\":\"https:\\\/\\\/aeca-catequetas.es\\\/?s={search_term_string}\"},\"query-input\":{\"@type\":\"PropertyValueSpecification\",\"valueRequired\":true,\"valueName\":\"search_term_string\"}}],\"inLanguage\":\"es\"},{\"@type\":\"Person\",\"@id\":\"https:\\\/\\\/aeca-catequetas.es\\\/#\\\/schema\\\/person\\\/510ee7731f0229f7a896e5f62ff53292\",\"name\":\"webmaster\",\"image\":{\"@type\":\"ImageObject\",\"inLanguage\":\"es\",\"@id\":\"https:\\\/\\\/secure.gravatar.com\\\/avatar\\\/397ca6d635bf8d8d18cf57a1ce24b4240dbb20b43c094e2f61695671478e7a8d?s=96&d=mm&r=g\",\"url\":\"https:\\\/\\\/secure.gravatar.com\\\/avatar\\\/397ca6d635bf8d8d18cf57a1ce24b4240dbb20b43c094e2f61695671478e7a8d?s=96&d=mm&r=g\",\"contentUrl\":\"https:\\\/\\\/secure.gravatar.com\\\/avatar\\\/397ca6d635bf8d8d18cf57a1ce24b4240dbb20b43c094e2f61695671478e7a8d?s=96&d=mm&r=g\",\"caption\":\"webmaster\"},\"url\":\"https:\\\/\\\/aeca-catequetas.es\\\/index.php\\\/author\\\/manuelbru\\\/\"}]}<\/script>\n<!-- \/ Yoast SEO plugin. -->","yoast_head_json":{"title":"La crisis del Coronavirus: Una gran oportunidad para la catequesis familiar - Asociaci\u00f3n Espa\u00f1ola de Catequetas","robots":{"index":"index","follow":"follow","max-snippet":"max-snippet:-1","max-image-preview":"max-image-preview:large","max-video-preview":"max-video-preview:-1"},"canonical":"https:\/\/aeca-catequetas.es\/index.php\/2020\/05\/30\/la-crisis-del-coronavirus-una-gran-oportunidad-para-la-catequesis-familiar\/","og_locale":"es_ES","og_type":"article","og_title":"La crisis del Coronavirus: Una gran oportunidad para la catequesis familiar - Asociaci\u00f3n Espa\u00f1ola de Catequetas","og_description":"La crisis del Coronavirus: Una gran oportunidad para la catequesis familiar Jos\u00e9 Antonio S\u00e1nchez Ortiz Delegado diocesano de catequesis (Di\u00f3cesis de Ja\u00e9n) La irrupci\u00f3n del Coronavirus ha puesto en jaque muchos aspectos de la vida ordinaria, pero de manera particular el modelo de relaci\u00f3n social. Por eso, su repercusi\u00f3n tambi\u00e9n ha afectado inexorablemente a la [&hellip;]","og_url":"https:\/\/aeca-catequetas.es\/index.php\/2020\/05\/30\/la-crisis-del-coronavirus-una-gran-oportunidad-para-la-catequesis-familiar\/","og_site_name":"Asociaci\u00f3n Espa\u00f1ola de Catequetas","article_published_time":"2020-05-30T16:04:57+00:00","og_image":[{"width":1449,"height":820,"url":"https:\/\/aeca-catequetas.es\/wp-content\/uploads\/2020\/05\/CARTA-GRAN-OPORTUNIDAD-SANCHEZ-ORTIZ.png","type":"image\/png"}],"author":"webmaster","twitter_card":"summary_large_image","twitter_misc":{"Escrito por":"webmaster","Tiempo de lectura":"7 minutos"},"schema":{"@context":"https:\/\/schema.org","@graph":[{"@type":"Article","@id":"https:\/\/aeca-catequetas.es\/index.php\/2020\/05\/30\/la-crisis-del-coronavirus-una-gran-oportunidad-para-la-catequesis-familiar\/#article","isPartOf":{"@id":"https:\/\/aeca-catequetas.es\/index.php\/2020\/05\/30\/la-crisis-del-coronavirus-una-gran-oportunidad-para-la-catequesis-familiar\/"},"author":{"name":"webmaster","@id":"https:\/\/aeca-catequetas.es\/#\/schema\/person\/510ee7731f0229f7a896e5f62ff53292"},"headline":"La crisis del Coronavirus: Una gran oportunidad para la catequesis familiar","datePublished":"2020-05-30T16:04:57+00:00","mainEntityOfPage":{"@id":"https:\/\/aeca-catequetas.es\/index.php\/2020\/05\/30\/la-crisis-del-coronavirus-una-gran-oportunidad-para-la-catequesis-familiar\/"},"wordCount":1434,"commentCount":0,"image":{"@id":"https:\/\/aeca-catequetas.es\/index.php\/2020\/05\/30\/la-crisis-del-coronavirus-una-gran-oportunidad-para-la-catequesis-familiar\/#primaryimage"},"thumbnailUrl":"https:\/\/aeca-catequetas.es\/wp-content\/uploads\/2020\/05\/CARTA-GRAN-OPORTUNIDAD-SANCHEZ-ORTIZ.png","keywords":["CATEQUESIS Y PANDEMIA","Jos\u00e9 Antonio S\u00e1nchez Ortiz","La crisis del Coronavirus: Una gran oportunidad para la catequesis familiar"],"articleSection":["Catequesis y Pandemia"],"inLanguage":"es","potentialAction":[{"@type":"CommentAction","name":"Comment","target":["https:\/\/aeca-catequetas.es\/index.php\/2020\/05\/30\/la-crisis-del-coronavirus-una-gran-oportunidad-para-la-catequesis-familiar\/#respond"]}]},{"@type":"WebPage","@id":"https:\/\/aeca-catequetas.es\/index.php\/2020\/05\/30\/la-crisis-del-coronavirus-una-gran-oportunidad-para-la-catequesis-familiar\/","url":"https:\/\/aeca-catequetas.es\/index.php\/2020\/05\/30\/la-crisis-del-coronavirus-una-gran-oportunidad-para-la-catequesis-familiar\/","name":"La crisis del Coronavirus: Una gran oportunidad para la catequesis familiar - Asociaci\u00f3n Espa\u00f1ola de Catequetas","isPartOf":{"@id":"https:\/\/aeca-catequetas.es\/#website"},"primaryImageOfPage":{"@id":"https:\/\/aeca-catequetas.es\/index.php\/2020\/05\/30\/la-crisis-del-coronavirus-una-gran-oportunidad-para-la-catequesis-familiar\/#primaryimage"},"image":{"@id":"https:\/\/aeca-catequetas.es\/index.php\/2020\/05\/30\/la-crisis-del-coronavirus-una-gran-oportunidad-para-la-catequesis-familiar\/#primaryimage"},"thumbnailUrl":"https:\/\/aeca-catequetas.es\/wp-content\/uploads\/2020\/05\/CARTA-GRAN-OPORTUNIDAD-SANCHEZ-ORTIZ.png","datePublished":"2020-05-30T16:04:57+00:00","author":{"@id":"https:\/\/aeca-catequetas.es\/#\/schema\/person\/510ee7731f0229f7a896e5f62ff53292"},"breadcrumb":{"@id":"https:\/\/aeca-catequetas.es\/index.php\/2020\/05\/30\/la-crisis-del-coronavirus-una-gran-oportunidad-para-la-catequesis-familiar\/#breadcrumb"},"inLanguage":"es","potentialAction":[{"@type":"ReadAction","target":["https:\/\/aeca-catequetas.es\/index.php\/2020\/05\/30\/la-crisis-del-coronavirus-una-gran-oportunidad-para-la-catequesis-familiar\/"]}]},{"@type":"ImageObject","inLanguage":"es","@id":"https:\/\/aeca-catequetas.es\/index.php\/2020\/05\/30\/la-crisis-del-coronavirus-una-gran-oportunidad-para-la-catequesis-familiar\/#primaryimage","url":"https:\/\/aeca-catequetas.es\/wp-content\/uploads\/2020\/05\/CARTA-GRAN-OPORTUNIDAD-SANCHEZ-ORTIZ.png","contentUrl":"https:\/\/aeca-catequetas.es\/wp-content\/uploads\/2020\/05\/CARTA-GRAN-OPORTUNIDAD-SANCHEZ-ORTIZ.png","width":1449,"height":820},{"@type":"BreadcrumbList","@id":"https:\/\/aeca-catequetas.es\/index.php\/2020\/05\/30\/la-crisis-del-coronavirus-una-gran-oportunidad-para-la-catequesis-familiar\/#breadcrumb","itemListElement":[{"@type":"ListItem","position":1,"name":"Home","item":"https:\/\/aeca-catequetas.es\/"},{"@type":"ListItem","position":2,"name":"La crisis del Coronavirus: Una gran oportunidad para la catequesis familiar"}]},{"@type":"WebSite","@id":"https:\/\/aeca-catequetas.es\/#website","url":"https:\/\/aeca-catequetas.es\/","name":"Asociaci\u00f3n Espa\u00f1ola de Catequetas","description":"Asociaci\u00f3n Espa\u00f1ola de Catequetas","potentialAction":[{"@type":"SearchAction","target":{"@type":"EntryPoint","urlTemplate":"https:\/\/aeca-catequetas.es\/?s={search_term_string}"},"query-input":{"@type":"PropertyValueSpecification","valueRequired":true,"valueName":"search_term_string"}}],"inLanguage":"es"},{"@type":"Person","@id":"https:\/\/aeca-catequetas.es\/#\/schema\/person\/510ee7731f0229f7a896e5f62ff53292","name":"webmaster","image":{"@type":"ImageObject","inLanguage":"es","@id":"https:\/\/secure.gravatar.com\/avatar\/397ca6d635bf8d8d18cf57a1ce24b4240dbb20b43c094e2f61695671478e7a8d?s=96&d=mm&r=g","url":"https:\/\/secure.gravatar.com\/avatar\/397ca6d635bf8d8d18cf57a1ce24b4240dbb20b43c094e2f61695671478e7a8d?s=96&d=mm&r=g","contentUrl":"https:\/\/secure.gravatar.com\/avatar\/397ca6d635bf8d8d18cf57a1ce24b4240dbb20b43c094e2f61695671478e7a8d?s=96&d=mm&r=g","caption":"webmaster"},"url":"https:\/\/aeca-catequetas.es\/index.php\/author\/manuelbru\/"}]}},"jetpack_featured_media_url":"https:\/\/aeca-catequetas.es\/wp-content\/uploads\/2020\/05\/CARTA-GRAN-OPORTUNIDAD-SANCHEZ-ORTIZ.png","_links":{"self":[{"href":"https:\/\/aeca-catequetas.es\/index.php\/wp-json\/wp\/v2\/posts\/778","targetHints":{"allow":["GET"]}}],"collection":[{"href":"https:\/\/aeca-catequetas.es\/index.php\/wp-json\/wp\/v2\/posts"}],"about":[{"href":"https:\/\/aeca-catequetas.es\/index.php\/wp-json\/wp\/v2\/types\/post"}],"author":[{"embeddable":true,"href":"https:\/\/aeca-catequetas.es\/index.php\/wp-json\/wp\/v2\/users\/4"}],"replies":[{"embeddable":true,"href":"https:\/\/aeca-catequetas.es\/index.php\/wp-json\/wp\/v2\/comments?post=778"}],"version-history":[{"count":1,"href":"https:\/\/aeca-catequetas.es\/index.php\/wp-json\/wp\/v2\/posts\/778\/revisions"}],"predecessor-version":[{"id":781,"href":"https:\/\/aeca-catequetas.es\/index.php\/wp-json\/wp\/v2\/posts\/778\/revisions\/781"}],"wp:featuredmedia":[{"embeddable":true,"href":"https:\/\/aeca-catequetas.es\/index.php\/wp-json\/wp\/v2\/media\/779"}],"wp:attachment":[{"href":"https:\/\/aeca-catequetas.es\/index.php\/wp-json\/wp\/v2\/media?parent=778"}],"wp:term":[{"taxonomy":"category","embeddable":true,"href":"https:\/\/aeca-catequetas.es\/index.php\/wp-json\/wp\/v2\/categories?post=778"},{"taxonomy":"post_tag","embeddable":true,"href":"https:\/\/aeca-catequetas.es\/index.php\/wp-json\/wp\/v2\/tags?post=778"}],"curies":[{"name":"wp","href":"https:\/\/api.w.org\/{rel}","templated":true}]}}