{"id":774,"date":"2020-05-30T17:59:26","date_gmt":"2020-05-30T15:59:26","guid":{"rendered":"https:\/\/aeca-catequetas.es\/?p=774"},"modified":"2020-05-30T18:06:05","modified_gmt":"2020-05-30T16:06:05","slug":"decalogo-para-la-vida-despues-del-covid-19","status":"publish","type":"post","link":"https:\/\/aeca-catequetas.es\/index.php\/2020\/05\/30\/decalogo-para-la-vida-despues-del-covid-19\/","title":{"rendered":"Dec\u00e1logo para la vida despu\u00e9s del Covid-19"},"content":{"rendered":"<p><span style=\"color: #000000;\"><strong><img loading=\"lazy\" decoding=\"async\" class=\"size-medium wp-image-775 alignleft\" src=\"https:\/\/aeca-catequetas.es\/wp-content\/uploads\/2020\/05\/JOSE-ANTONIO-SANCHEZ-246x300.jpg\" alt=\"\" width=\"246\" height=\"300\" srcset=\"https:\/\/aeca-catequetas.es\/wp-content\/uploads\/2020\/05\/JOSE-ANTONIO-SANCHEZ-246x300.jpg 246w, https:\/\/aeca-catequetas.es\/wp-content\/uploads\/2020\/05\/JOSE-ANTONIO-SANCHEZ.jpg 420w\" sizes=\"(max-width: 246px) 100vw, 246px\" \/>Dec\u00e1logo para la vida despu\u00e9s del Covid-19<\/strong><\/span><\/p>\n<p><span style=\"color: #000000;\"><strong>Jos\u00e9 Antonio S\u00e1nchez Ortiz<\/strong><\/span><br \/>\n<span style=\"color: #000000;\"><strong>Delegado diocesano de catequesis (<\/strong><strong>Di\u00f3cesis de Ja\u00e9n)<\/strong><\/span><\/p>\n<p><span style=\"color: #000000;\">Hoy quiero imaginar ese d\u00eda en el que, por fin, se descubra el antiv\u00edrico o la vacuna contra el Covid-19. Ahora que nos encontramos en la denominada \u00abdesescalada\u00bb viviendo una \u00abnueva normalidad\u00bb (neologismos que no entiendo ni comparto, pues, en realidad, ni hemos escalado nada, sino todo lo contrario, ni lo que vivimos es normal, sino an\u00f3malo), pienso en ese d\u00eda, anhelado y so\u00f1ado por todos, en el que toda la humanidad se despierte pensando que lo vivido durante este tiempo ha sido una terrible pesadilla; un mal sue\u00f1o en el que un microorganismo nos ha estado venciendo en muchas batallas, dejando tras de s\u00ed un rastro de sufrimiento, dolor y muerte.<\/span><\/p>\n<p><span style=\"color: #000000;\">Ese d\u00eda, el primero despu\u00e9s de haberse descubierto el remedio y haberse confirmado que ya est\u00e1 disponible y es efectivo, habr\u00e1 acabado esta crisis sanitaria mundial y comenzaremos otra etapa de nuestra historia. Y ese d\u00eda me gustar\u00eda tener claro algunas de las cosas que hemos aprendido durante este tiempo de pandemia.<\/span><\/p>\n<p><span style=\"color: #000000;\">A modo de dec\u00e1logo, os dejo las diez grandes lecciones que, en mi opini\u00f3n, hemos aprendido para la vida post-Covid-19.<\/span><\/p>\n<ol>\n<li><span style=\"color: #000000;\"><strong>Siente cada d\u00eda como un regalo<\/strong>. La amenaza del virus y la ola de muerte que ha sembrado a nuestro alrededor nos ha recordado que todos somos iguales. Ha puesto delante de nuestros ojos las dimensiones de nuestra vulnerabilidad, la fugacidad de nuestra salud y la caducidad de nuestra vida. Por eso, sin caer en el inmediatismo del pensamiento estoico del\u00a0<em>carpe diem<\/em>, conviene aprovechar cada d\u00eda y procurar ser feliz. La oportunidad de ma\u00f1ana no puede privarnos de la ocasi\u00f3n de hoy.<\/span><\/li>\n<li><span style=\"color: #000000;\"><strong>Piensa y reza todos los d\u00edas.\u00a0<\/strong>M\u00e1s de dos meses encerrados nos han permitido pensar y rezar. En nuestra vida ordinaria, hasta ahora, no ten\u00edamos tiempo ni para lo uno ni para lo otro. Parad\u00f3jicamente, \u00e9ramos conscientes de que deb\u00edamos pararnos a pensar para llevar las riendas de nuestra vida, pero \u00e9ramos incapaces de encontrar el momento. El virus nos ha permito encontrar el tiempo para pensar. Por eso, durante este confinamiento, seguro que no solo hemos podido organizar nuestros armarios y estanter\u00edas, sino tambi\u00e9n nuestra vida. Y lo mismo ocurre cuando hablamos de rezar: nunca encontramos el momento oportuno pese al bien que nos hace. En estos d\u00edas, hemos podido descubrir c\u00f3mo la oraci\u00f3n nos ayuda a situarnos en el horizonte de la fe, a dejarnos en las manos de Dios. El virus ha hecho que aflore nuestra fragilidad, pero tambi\u00e9n nuestra necesidad de Dios. No cabe duda: si se piensa y se reza, nuestra vida nunca ir\u00e1 a la deriva y ser\u00e1 sostenida por la esperanza en Dios.<\/span><\/li>\n<li><span style=\"color: #000000;\"><strong>No desaproveches estar con tu familia y tus amigos. <\/strong>De un d\u00eda para otro nos hemos visto separados de nuestra familia y de nuestros amigos. Se declar\u00f3 el estado de alarma, nos confinamos en nuestras casas y, durante dos meses, no hemos podido visitar a nuestros familiares y amigos m\u00e1s cercanos. Por eso, no se pueden posponer eternamente las visitas, las citas, los encuentros y los compromisos. Hay que cumplirlos en la m\u00ednima oportunidad que encontremos. La intenci\u00f3n de estar con ellos ma\u00f1ana puede ser tarde para hacerlo.<\/span><\/li>\n<li><span style=\"color: #000000;\"><strong>Abraza y besa hoy. <\/strong>En Jap\u00f3n y en el resto de pa\u00edses orientales, no tienen apenas contacto f\u00edsico. Sus expresiones de cortes\u00eda y afecto se limitan a movimientos corporales en la distancia. Pero en la cultura mediterr\u00e1nea, ese contacto forma parte de nuestra manera de ser y de vivir. Es nuestra forma de mostrar cari\u00f1o, cercan\u00eda, respeto, cordialidad&#8230; Se echa mucho de menos no sentir el roce de las personas, porque en ese roce hay cercan\u00eda y comuni\u00f3n. Durante estos d\u00edas nos hemos sentido unidos a trav\u00e9s de la palabra y la imagen. \u00a1Ha sido maravilloso! Hablar y ver a personas queridas ha supuesto un alivio a la separaci\u00f3n f\u00edsica y la distancia. Pero nada es comparable con la presencia que permite abrazar y besar. Porque las palabras acercan y la presencia alimentan la comuni\u00f3n.<\/span><\/li>\n<li><span style=\"color: #000000;\"><strong>Haz de la sonrisa tu se\u00f1al de identidad.\u00a0<\/strong>Las mascarillas que llevamos ahora para evitar los contagios del virus nos impiden poder ver nuestros rostros y, sobre todo, nuestras sonrisas; esas que tanto necesitamos. Pues necesitamos la sonrisa que da vida, la que anima en momentos dif\u00edciles; la sonrisa de la complicidad, la que ayuda a mirar con optimismo la realidad. En otras palabras, la pandemia nos ha hecho tener nostalgia de esa sonrisa que, como dec\u00eda Mario Benedetti, se \u00abvuelve un arco iris\u00bb. Y es que la pandemia ha sido como una especie de tormenta perfecta que nos ha puesto en el precipicio del abismo, y volver a ver el \u00abarco iris\u00bb (la sonrisa) es la se\u00f1al inequ\u00edvoca de que lo peor realmente ya ha pasado y se avecinan unos d\u00edas espl\u00e9ndidos. En todo tiempo, siempre, una sonrisa.<\/span><\/li>\n<li><span style=\"color: #000000;\"><strong>Valora lo cotidiano e insignificante. <\/strong>La declaraci\u00f3n del estado de alarma nos encerr\u00f3 en nuestras casas y nos priv\u00f3, de un d\u00eda para otro, de nuestra vida cotidiana: el trabajo, los desplazamientos a pie, en transporte p\u00fablico o en coche, los caf\u00e9s matinales en el bar, el paseo vespertino con la familia&#8230; Nunca imaginamos que tendr\u00edamos que cambiar radicalmente nuestra rutina. Y del ajetreo cotidiano del ir y venir, pasar a estar encerrados sin m\u00e1s horizonte que el que te permite la ventana o el balc\u00f3n de tu casa. Hemos aprendido a valorar aquellas cosas, aparentemente insignificantes, que hac\u00edamos con total normalidad, sin ser conscientes de que son un gran privilegio. No se necesitan muchas cosas para ser feliz, sino disfrutar de lo que se tiene.<\/span><\/li>\n<li><span style=\"color: #000000;\"><strong>Primero, lo necesario; despu\u00e9s, lo importante. <\/strong>Cuando la vida pende de un hilo, todo se ve de forma diferente: se descubre qu\u00e9 es realmente lo necesario y esencial. En el ritmo habitual de nuestra vida, nos hemos dejado arrastrar por aquellas cosas que consideramos importantes. Porque realmente lo son, y sin ellas nuestra existencia se tambalea. Pero no siempre confluyen importancia y necesidad. Hay muchas cosas importantes que no son estrictamente necesarias. Por ejemplo, es importante hacer deporte, pero es necesario tener salud; es importante comprar, pero es necesario compartir, pensar en los dem\u00e1s; es importante hablar libremente, pero es necesario decir la verdad&#8230; Con el paso de los d\u00edas nos hemos dado cuenta de que para vivir realmente no se necesitan tantas cosas como imagin\u00e1bamos. Hemos permanecido encerrados y hemos podido dome\u00f1ar el esp\u00edritu consumista que nos hace ver como imprescindible y necesario lo que realmente no lo era. Vivir con austeridad puede ser tambi\u00e9n un proyecto de vida.<\/span><\/li>\n<li><span style=\"color: #000000;\"><strong>Disfruta de tu hogar.\u00a0<\/strong>Una de las caracter\u00edsticas que definen nuestro estilo de vida es la calle. Ya sea para trabajar, para algo de ocio o para relacionarnos con los dem\u00e1s&#8230; Somos ciudadanos\u00a0<em>ad extra<\/em>, hacia fuera de nuestro hogar. Y el hecho de haber estado confinados nos ha ayudado a descubrir que en nuestra casa y con nuestras familias se pueden hacer muchas cosas: jugar, cocinar, pintar, decorar, limpiar, colaborar&#8230; experiencias de vida hogare\u00f1a, desconocidas para muchos. La vida\u00a0<em>ad intra<\/em>en nuestro hogar nos ofrece muchas posibilidades que pueden enriquecernos personal y familiarmente.\u00a0 Necesitamos equilibrar calle y hogar si queremos equilibrar nuestra vida.<\/span><\/li>\n<li><span style=\"color: #000000;\"><strong>Abre tu coraz\u00f3n al desconocido. <\/strong>No han faltado muestras de solidaridad, generosidad y cari\u00f1o entre desconocidos. M\u00e9dicos que cuidaban a pacientes como si fueran familia; hombres y mujeres que se han entregado a fabricar mascarillas para repartirlas all\u00ed donde hiciesen m\u00e1s falta; j\u00f3venes dispuestos a atender las necesidades de mayores para que evitaran salir de sus casas; vecinos que cada tarde se han preocupado de hacer la vida m\u00e1s agradable con su talento; voluntarios dispuestos a echar una mano donde hiciese falta; empresas y negocios volcados con la urgencia social. En definitiva, desconocidos abriendo su coraz\u00f3n a desconocidos. Desconocidos que han querido combatir el Coronavirus con solidaridad, empat\u00eda y compromiso social. Seguro que todos tenemos el nombre de personas que son el reflejo de esos desconocidos que nos han ayudado a agrandar nuestro coraz\u00f3n y, en consecuencia, a sentir que merece la pena ir por la vida de\u00a0<em>buen samaritano<\/em>.\u00a0<\/span><\/li>\n<li><span style=\"color: #000000;\"><strong>Respeta siempre la labor sanitaria y cient\u00edfica. <\/strong>La labor de los sanitarios durante la pandemia ha sido encomiable. Su entrega, trabajo, sacrificio y dedicaci\u00f3n nadie puede ponerlos ya en duda. Las palmadas de las ocho son la expresi\u00f3n p\u00fablica de ese reconocimiento que despu\u00e9s, cuando termine todo esto, deber\u00eda traducirse en respeto hacia ese personal sanitario, tanto por parte del Estado, que no puede estar jugando con ellos y pag\u00e1ndoles sueldos miserables, como por parte de los usuarios, porque no deben sufrir amenazas y menosprecios con total impunidad. Al mismo, tambi\u00e9n debemos respetar y ensalzar la labor cient\u00edfica. Porque gracias a la ciencia se habr\u00e1 encontrado el antiviral y la vacuna, con la que se pone fin a las consecuencias nefastas provocadas por el Coronavirus. Pero tambi\u00e9n a todos aquellos que nos han procurado medios t\u00e9cnicos para estar comunicados. \u00bfQu\u00e9 hubiese sido de nosotros sin internet? Por eso, debemos agradecer que, en 1962, los doscientos cient\u00edficos dirigidos por John Licklider fundaran la red llamada\u00a0<em>Advanced Researchs Projects Agency<\/em>(ARPA), que se considera el origen de internet. Sin duda alguna, la pandemia nos ha ense\u00f1ado que debemos inculcar a las j\u00f3venes generaciones que merece la pena esforzarse por aquello que puede salvar la vida de las personas y contribuir a un mundo mejor.\u00a0<\/span><\/li>\n<\/ol>\n<p><span style=\"color: #000000;\">Estoy convencido de que hemos aprendido otras muchas cosas que no aparecen en este dec\u00e1logo y que se han quedado en el tintero. Y es que a cada uno de nosotros nos corresponde escribir nuestro propio dec\u00e1logo de las grandes lecciones que acompa\u00f1an a vivir bajo la sombra de este maldito virus. Aqu\u00ed os dejo el m\u00edo, por si puede servirle a alguien.<\/span><\/p>\n<p><span style=\"color: #000000;\"><strong>ART\u00cdCULO EN PDF: <a style=\"color: #000000;\" href=\"https:\/\/aeca-catequetas.es\/wp-content\/uploads\/2020\/05\/J.-A.-SA\u0301NCHEZ-Deca\u0301logo-para-la-vida-despue\u0301s-del-Covid-19.pdf\">J. A. SA\u0301NCHEZ Deca\u0301logo para la vida despue\u0301s del Covid-19<\/a><\/strong><\/span><\/p>\n","protected":false},"excerpt":{"rendered":"<p>Dec\u00e1logo para la vida despu\u00e9s del Covid-19 Jos\u00e9 Antonio S\u00e1nchez Ortiz Delegado diocesano de catequesis (Di\u00f3cesis de Ja\u00e9n) Hoy quiero imaginar ese d\u00eda en el que, por fin, se descubra el antiv\u00edrico o la vacuna contra el Covid-19. Ahora que nos encontramos en la denominada \u00abdesescalada\u00bb viviendo una \u00abnueva normalidad\u00bb (neologismos que no entiendo ni [&hellip;]<\/p>\n","protected":false},"author":4,"featured_media":776,"comment_status":"open","ping_status":"open","sticky":false,"template":"","format":"standard","meta":{"_et_pb_use_builder":"","_et_pb_old_content":"","_et_gb_content_width":"","footnotes":""},"categories":[162],"tags":[171,187,188],"class_list":["post-774","post","type-post","status-publish","format-standard","has-post-thumbnail","hentry","category-catequesis-y-pandemia","tag-catequesis-y-pandemia","tag-decalogo-para-la-vida-despues-del-covid-19","tag-jose-antonio-sanchez-ortiz","et-has-post-format-content","et_post_format-et-post-format-standard"],"yoast_head":"<!-- This site is optimized with the Yoast SEO plugin v27.4 - https:\/\/yoast.com\/product\/yoast-seo-wordpress\/ -->\n<title>Dec\u00e1logo para la vida despu\u00e9s del Covid-19 - Asociaci\u00f3n Espa\u00f1ola de Catequetas<\/title>\n<meta name=\"robots\" content=\"index, follow, max-snippet:-1, max-image-preview:large, max-video-preview:-1\" \/>\n<link rel=\"canonical\" href=\"https:\/\/aeca-catequetas.es\/index.php\/2020\/05\/30\/decalogo-para-la-vida-despues-del-covid-19\/\" \/>\n<meta property=\"og:locale\" content=\"es_ES\" \/>\n<meta property=\"og:type\" content=\"article\" \/>\n<meta property=\"og:title\" content=\"Dec\u00e1logo para la vida despu\u00e9s del Covid-19 - Asociaci\u00f3n Espa\u00f1ola de Catequetas\" \/>\n<meta property=\"og:description\" content=\"Dec\u00e1logo para la vida despu\u00e9s del Covid-19 Jos\u00e9 Antonio S\u00e1nchez Ortiz Delegado diocesano de catequesis (Di\u00f3cesis de Ja\u00e9n) Hoy quiero imaginar ese d\u00eda en el que, por fin, se descubra el antiv\u00edrico o la vacuna contra el Covid-19. Ahora que nos encontramos en la denominada \u00abdesescalada\u00bb viviendo una \u00abnueva normalidad\u00bb (neologismos que no entiendo ni [&hellip;]\" \/>\n<meta property=\"og:url\" content=\"https:\/\/aeca-catequetas.es\/index.php\/2020\/05\/30\/decalogo-para-la-vida-despues-del-covid-19\/\" \/>\n<meta property=\"og:site_name\" content=\"Asociaci\u00f3n Espa\u00f1ola de Catequetas\" \/>\n<meta property=\"article:published_time\" content=\"2020-05-30T15:59:26+00:00\" \/>\n<meta property=\"article:modified_time\" content=\"2020-05-30T16:06:05+00:00\" \/>\n<meta property=\"og:image\" content=\"https:\/\/aeca-catequetas.es\/wp-content\/uploads\/2020\/05\/CARETA-VIDA-DESPUES-SANCHEZ-ORTIZ.png\" \/>\n\t<meta property=\"og:image:width\" content=\"1450\" \/>\n\t<meta property=\"og:image:height\" content=\"821\" \/>\n\t<meta property=\"og:image:type\" content=\"image\/png\" \/>\n<meta name=\"author\" content=\"webmaster\" \/>\n<meta name=\"twitter:card\" content=\"summary_large_image\" \/>\n<meta name=\"twitter:label1\" content=\"Escrito por\" \/>\n\t<meta name=\"twitter:data1\" content=\"webmaster\" \/>\n\t<meta name=\"twitter:label2\" content=\"Tiempo de lectura\" \/>\n\t<meta name=\"twitter:data2\" content=\"9 minutos\" \/>\n<script type=\"application\/ld+json\" class=\"yoast-schema-graph\">{\"@context\":\"https:\\\/\\\/schema.org\",\"@graph\":[{\"@type\":\"Article\",\"@id\":\"https:\\\/\\\/aeca-catequetas.es\\\/index.php\\\/2020\\\/05\\\/30\\\/decalogo-para-la-vida-despues-del-covid-19\\\/#article\",\"isPartOf\":{\"@id\":\"https:\\\/\\\/aeca-catequetas.es\\\/index.php\\\/2020\\\/05\\\/30\\\/decalogo-para-la-vida-despues-del-covid-19\\\/\"},\"author\":{\"name\":\"webmaster\",\"@id\":\"https:\\\/\\\/aeca-catequetas.es\\\/#\\\/schema\\\/person\\\/510ee7731f0229f7a896e5f62ff53292\"},\"headline\":\"Dec\u00e1logo para la vida despu\u00e9s del Covid-19\",\"datePublished\":\"2020-05-30T15:59:26+00:00\",\"dateModified\":\"2020-05-30T16:06:05+00:00\",\"mainEntityOfPage\":{\"@id\":\"https:\\\/\\\/aeca-catequetas.es\\\/index.php\\\/2020\\\/05\\\/30\\\/decalogo-para-la-vida-despues-del-covid-19\\\/\"},\"wordCount\":1760,\"commentCount\":0,\"image\":{\"@id\":\"https:\\\/\\\/aeca-catequetas.es\\\/index.php\\\/2020\\\/05\\\/30\\\/decalogo-para-la-vida-despues-del-covid-19\\\/#primaryimage\"},\"thumbnailUrl\":\"https:\\\/\\\/aeca-catequetas.es\\\/wp-content\\\/uploads\\\/2020\\\/05\\\/CARETA-VIDA-DESPUES-SANCHEZ-ORTIZ.png\",\"keywords\":[\"CATEQUESIS Y PANDEMIA\",\"Dec\u00e1logo para la vida despu\u00e9s del Covid-19\",\"Jos\u00e9 Antonio S\u00e1nchez Ortiz\"],\"articleSection\":[\"Catequesis y Pandemia\"],\"inLanguage\":\"es\",\"potentialAction\":[{\"@type\":\"CommentAction\",\"name\":\"Comment\",\"target\":[\"https:\\\/\\\/aeca-catequetas.es\\\/index.php\\\/2020\\\/05\\\/30\\\/decalogo-para-la-vida-despues-del-covid-19\\\/#respond\"]}]},{\"@type\":\"WebPage\",\"@id\":\"https:\\\/\\\/aeca-catequetas.es\\\/index.php\\\/2020\\\/05\\\/30\\\/decalogo-para-la-vida-despues-del-covid-19\\\/\",\"url\":\"https:\\\/\\\/aeca-catequetas.es\\\/index.php\\\/2020\\\/05\\\/30\\\/decalogo-para-la-vida-despues-del-covid-19\\\/\",\"name\":\"Dec\u00e1logo para la vida despu\u00e9s del Covid-19 - Asociaci\u00f3n Espa\u00f1ola de Catequetas\",\"isPartOf\":{\"@id\":\"https:\\\/\\\/aeca-catequetas.es\\\/#website\"},\"primaryImageOfPage\":{\"@id\":\"https:\\\/\\\/aeca-catequetas.es\\\/index.php\\\/2020\\\/05\\\/30\\\/decalogo-para-la-vida-despues-del-covid-19\\\/#primaryimage\"},\"image\":{\"@id\":\"https:\\\/\\\/aeca-catequetas.es\\\/index.php\\\/2020\\\/05\\\/30\\\/decalogo-para-la-vida-despues-del-covid-19\\\/#primaryimage\"},\"thumbnailUrl\":\"https:\\\/\\\/aeca-catequetas.es\\\/wp-content\\\/uploads\\\/2020\\\/05\\\/CARETA-VIDA-DESPUES-SANCHEZ-ORTIZ.png\",\"datePublished\":\"2020-05-30T15:59:26+00:00\",\"dateModified\":\"2020-05-30T16:06:05+00:00\",\"author\":{\"@id\":\"https:\\\/\\\/aeca-catequetas.es\\\/#\\\/schema\\\/person\\\/510ee7731f0229f7a896e5f62ff53292\"},\"breadcrumb\":{\"@id\":\"https:\\\/\\\/aeca-catequetas.es\\\/index.php\\\/2020\\\/05\\\/30\\\/decalogo-para-la-vida-despues-del-covid-19\\\/#breadcrumb\"},\"inLanguage\":\"es\",\"potentialAction\":[{\"@type\":\"ReadAction\",\"target\":[\"https:\\\/\\\/aeca-catequetas.es\\\/index.php\\\/2020\\\/05\\\/30\\\/decalogo-para-la-vida-despues-del-covid-19\\\/\"]}]},{\"@type\":\"ImageObject\",\"inLanguage\":\"es\",\"@id\":\"https:\\\/\\\/aeca-catequetas.es\\\/index.php\\\/2020\\\/05\\\/30\\\/decalogo-para-la-vida-despues-del-covid-19\\\/#primaryimage\",\"url\":\"https:\\\/\\\/aeca-catequetas.es\\\/wp-content\\\/uploads\\\/2020\\\/05\\\/CARETA-VIDA-DESPUES-SANCHEZ-ORTIZ.png\",\"contentUrl\":\"https:\\\/\\\/aeca-catequetas.es\\\/wp-content\\\/uploads\\\/2020\\\/05\\\/CARETA-VIDA-DESPUES-SANCHEZ-ORTIZ.png\",\"width\":1450,\"height\":821},{\"@type\":\"BreadcrumbList\",\"@id\":\"https:\\\/\\\/aeca-catequetas.es\\\/index.php\\\/2020\\\/05\\\/30\\\/decalogo-para-la-vida-despues-del-covid-19\\\/#breadcrumb\",\"itemListElement\":[{\"@type\":\"ListItem\",\"position\":1,\"name\":\"Home\",\"item\":\"https:\\\/\\\/aeca-catequetas.es\\\/\"},{\"@type\":\"ListItem\",\"position\":2,\"name\":\"Dec\u00e1logo para la vida despu\u00e9s del Covid-19\"}]},{\"@type\":\"WebSite\",\"@id\":\"https:\\\/\\\/aeca-catequetas.es\\\/#website\",\"url\":\"https:\\\/\\\/aeca-catequetas.es\\\/\",\"name\":\"Asociaci\u00f3n Espa\u00f1ola de Catequetas\",\"description\":\"Asociaci\u00f3n Espa\u00f1ola de Catequetas\",\"potentialAction\":[{\"@type\":\"SearchAction\",\"target\":{\"@type\":\"EntryPoint\",\"urlTemplate\":\"https:\\\/\\\/aeca-catequetas.es\\\/?s={search_term_string}\"},\"query-input\":{\"@type\":\"PropertyValueSpecification\",\"valueRequired\":true,\"valueName\":\"search_term_string\"}}],\"inLanguage\":\"es\"},{\"@type\":\"Person\",\"@id\":\"https:\\\/\\\/aeca-catequetas.es\\\/#\\\/schema\\\/person\\\/510ee7731f0229f7a896e5f62ff53292\",\"name\":\"webmaster\",\"image\":{\"@type\":\"ImageObject\",\"inLanguage\":\"es\",\"@id\":\"https:\\\/\\\/secure.gravatar.com\\\/avatar\\\/397ca6d635bf8d8d18cf57a1ce24b4240dbb20b43c094e2f61695671478e7a8d?s=96&d=mm&r=g\",\"url\":\"https:\\\/\\\/secure.gravatar.com\\\/avatar\\\/397ca6d635bf8d8d18cf57a1ce24b4240dbb20b43c094e2f61695671478e7a8d?s=96&d=mm&r=g\",\"contentUrl\":\"https:\\\/\\\/secure.gravatar.com\\\/avatar\\\/397ca6d635bf8d8d18cf57a1ce24b4240dbb20b43c094e2f61695671478e7a8d?s=96&d=mm&r=g\",\"caption\":\"webmaster\"},\"url\":\"https:\\\/\\\/aeca-catequetas.es\\\/index.php\\\/author\\\/manuelbru\\\/\"}]}<\/script>\n<!-- \/ Yoast SEO plugin. -->","yoast_head_json":{"title":"Dec\u00e1logo para la vida despu\u00e9s del Covid-19 - Asociaci\u00f3n Espa\u00f1ola de Catequetas","robots":{"index":"index","follow":"follow","max-snippet":"max-snippet:-1","max-image-preview":"max-image-preview:large","max-video-preview":"max-video-preview:-1"},"canonical":"https:\/\/aeca-catequetas.es\/index.php\/2020\/05\/30\/decalogo-para-la-vida-despues-del-covid-19\/","og_locale":"es_ES","og_type":"article","og_title":"Dec\u00e1logo para la vida despu\u00e9s del Covid-19 - Asociaci\u00f3n Espa\u00f1ola de Catequetas","og_description":"Dec\u00e1logo para la vida despu\u00e9s del Covid-19 Jos\u00e9 Antonio S\u00e1nchez Ortiz Delegado diocesano de catequesis (Di\u00f3cesis de Ja\u00e9n) Hoy quiero imaginar ese d\u00eda en el que, por fin, se descubra el antiv\u00edrico o la vacuna contra el Covid-19. Ahora que nos encontramos en la denominada \u00abdesescalada\u00bb viviendo una \u00abnueva normalidad\u00bb (neologismos que no entiendo ni [&hellip;]","og_url":"https:\/\/aeca-catequetas.es\/index.php\/2020\/05\/30\/decalogo-para-la-vida-despues-del-covid-19\/","og_site_name":"Asociaci\u00f3n Espa\u00f1ola de Catequetas","article_published_time":"2020-05-30T15:59:26+00:00","article_modified_time":"2020-05-30T16:06:05+00:00","og_image":[{"width":1450,"height":821,"url":"https:\/\/aeca-catequetas.es\/wp-content\/uploads\/2020\/05\/CARETA-VIDA-DESPUES-SANCHEZ-ORTIZ.png","type":"image\/png"}],"author":"webmaster","twitter_card":"summary_large_image","twitter_misc":{"Escrito por":"webmaster","Tiempo de lectura":"9 minutos"},"schema":{"@context":"https:\/\/schema.org","@graph":[{"@type":"Article","@id":"https:\/\/aeca-catequetas.es\/index.php\/2020\/05\/30\/decalogo-para-la-vida-despues-del-covid-19\/#article","isPartOf":{"@id":"https:\/\/aeca-catequetas.es\/index.php\/2020\/05\/30\/decalogo-para-la-vida-despues-del-covid-19\/"},"author":{"name":"webmaster","@id":"https:\/\/aeca-catequetas.es\/#\/schema\/person\/510ee7731f0229f7a896e5f62ff53292"},"headline":"Dec\u00e1logo para la vida despu\u00e9s del Covid-19","datePublished":"2020-05-30T15:59:26+00:00","dateModified":"2020-05-30T16:06:05+00:00","mainEntityOfPage":{"@id":"https:\/\/aeca-catequetas.es\/index.php\/2020\/05\/30\/decalogo-para-la-vida-despues-del-covid-19\/"},"wordCount":1760,"commentCount":0,"image":{"@id":"https:\/\/aeca-catequetas.es\/index.php\/2020\/05\/30\/decalogo-para-la-vida-despues-del-covid-19\/#primaryimage"},"thumbnailUrl":"https:\/\/aeca-catequetas.es\/wp-content\/uploads\/2020\/05\/CARETA-VIDA-DESPUES-SANCHEZ-ORTIZ.png","keywords":["CATEQUESIS Y PANDEMIA","Dec\u00e1logo para la vida despu\u00e9s del Covid-19","Jos\u00e9 Antonio S\u00e1nchez Ortiz"],"articleSection":["Catequesis y Pandemia"],"inLanguage":"es","potentialAction":[{"@type":"CommentAction","name":"Comment","target":["https:\/\/aeca-catequetas.es\/index.php\/2020\/05\/30\/decalogo-para-la-vida-despues-del-covid-19\/#respond"]}]},{"@type":"WebPage","@id":"https:\/\/aeca-catequetas.es\/index.php\/2020\/05\/30\/decalogo-para-la-vida-despues-del-covid-19\/","url":"https:\/\/aeca-catequetas.es\/index.php\/2020\/05\/30\/decalogo-para-la-vida-despues-del-covid-19\/","name":"Dec\u00e1logo para la vida despu\u00e9s del Covid-19 - Asociaci\u00f3n Espa\u00f1ola de Catequetas","isPartOf":{"@id":"https:\/\/aeca-catequetas.es\/#website"},"primaryImageOfPage":{"@id":"https:\/\/aeca-catequetas.es\/index.php\/2020\/05\/30\/decalogo-para-la-vida-despues-del-covid-19\/#primaryimage"},"image":{"@id":"https:\/\/aeca-catequetas.es\/index.php\/2020\/05\/30\/decalogo-para-la-vida-despues-del-covid-19\/#primaryimage"},"thumbnailUrl":"https:\/\/aeca-catequetas.es\/wp-content\/uploads\/2020\/05\/CARETA-VIDA-DESPUES-SANCHEZ-ORTIZ.png","datePublished":"2020-05-30T15:59:26+00:00","dateModified":"2020-05-30T16:06:05+00:00","author":{"@id":"https:\/\/aeca-catequetas.es\/#\/schema\/person\/510ee7731f0229f7a896e5f62ff53292"},"breadcrumb":{"@id":"https:\/\/aeca-catequetas.es\/index.php\/2020\/05\/30\/decalogo-para-la-vida-despues-del-covid-19\/#breadcrumb"},"inLanguage":"es","potentialAction":[{"@type":"ReadAction","target":["https:\/\/aeca-catequetas.es\/index.php\/2020\/05\/30\/decalogo-para-la-vida-despues-del-covid-19\/"]}]},{"@type":"ImageObject","inLanguage":"es","@id":"https:\/\/aeca-catequetas.es\/index.php\/2020\/05\/30\/decalogo-para-la-vida-despues-del-covid-19\/#primaryimage","url":"https:\/\/aeca-catequetas.es\/wp-content\/uploads\/2020\/05\/CARETA-VIDA-DESPUES-SANCHEZ-ORTIZ.png","contentUrl":"https:\/\/aeca-catequetas.es\/wp-content\/uploads\/2020\/05\/CARETA-VIDA-DESPUES-SANCHEZ-ORTIZ.png","width":1450,"height":821},{"@type":"BreadcrumbList","@id":"https:\/\/aeca-catequetas.es\/index.php\/2020\/05\/30\/decalogo-para-la-vida-despues-del-covid-19\/#breadcrumb","itemListElement":[{"@type":"ListItem","position":1,"name":"Home","item":"https:\/\/aeca-catequetas.es\/"},{"@type":"ListItem","position":2,"name":"Dec\u00e1logo para la vida despu\u00e9s del Covid-19"}]},{"@type":"WebSite","@id":"https:\/\/aeca-catequetas.es\/#website","url":"https:\/\/aeca-catequetas.es\/","name":"Asociaci\u00f3n Espa\u00f1ola de Catequetas","description":"Asociaci\u00f3n Espa\u00f1ola de Catequetas","potentialAction":[{"@type":"SearchAction","target":{"@type":"EntryPoint","urlTemplate":"https:\/\/aeca-catequetas.es\/?s={search_term_string}"},"query-input":{"@type":"PropertyValueSpecification","valueRequired":true,"valueName":"search_term_string"}}],"inLanguage":"es"},{"@type":"Person","@id":"https:\/\/aeca-catequetas.es\/#\/schema\/person\/510ee7731f0229f7a896e5f62ff53292","name":"webmaster","image":{"@type":"ImageObject","inLanguage":"es","@id":"https:\/\/secure.gravatar.com\/avatar\/397ca6d635bf8d8d18cf57a1ce24b4240dbb20b43c094e2f61695671478e7a8d?s=96&d=mm&r=g","url":"https:\/\/secure.gravatar.com\/avatar\/397ca6d635bf8d8d18cf57a1ce24b4240dbb20b43c094e2f61695671478e7a8d?s=96&d=mm&r=g","contentUrl":"https:\/\/secure.gravatar.com\/avatar\/397ca6d635bf8d8d18cf57a1ce24b4240dbb20b43c094e2f61695671478e7a8d?s=96&d=mm&r=g","caption":"webmaster"},"url":"https:\/\/aeca-catequetas.es\/index.php\/author\/manuelbru\/"}]}},"jetpack_featured_media_url":"https:\/\/aeca-catequetas.es\/wp-content\/uploads\/2020\/05\/CARETA-VIDA-DESPUES-SANCHEZ-ORTIZ.png","_links":{"self":[{"href":"https:\/\/aeca-catequetas.es\/index.php\/wp-json\/wp\/v2\/posts\/774","targetHints":{"allow":["GET"]}}],"collection":[{"href":"https:\/\/aeca-catequetas.es\/index.php\/wp-json\/wp\/v2\/posts"}],"about":[{"href":"https:\/\/aeca-catequetas.es\/index.php\/wp-json\/wp\/v2\/types\/post"}],"author":[{"embeddable":true,"href":"https:\/\/aeca-catequetas.es\/index.php\/wp-json\/wp\/v2\/users\/4"}],"replies":[{"embeddable":true,"href":"https:\/\/aeca-catequetas.es\/index.php\/wp-json\/wp\/v2\/comments?post=774"}],"version-history":[{"count":2,"href":"https:\/\/aeca-catequetas.es\/index.php\/wp-json\/wp\/v2\/posts\/774\/revisions"}],"predecessor-version":[{"id":783,"href":"https:\/\/aeca-catequetas.es\/index.php\/wp-json\/wp\/v2\/posts\/774\/revisions\/783"}],"wp:featuredmedia":[{"embeddable":true,"href":"https:\/\/aeca-catequetas.es\/index.php\/wp-json\/wp\/v2\/media\/776"}],"wp:attachment":[{"href":"https:\/\/aeca-catequetas.es\/index.php\/wp-json\/wp\/v2\/media?parent=774"}],"wp:term":[{"taxonomy":"category","embeddable":true,"href":"https:\/\/aeca-catequetas.es\/index.php\/wp-json\/wp\/v2\/categories?post=774"},{"taxonomy":"post_tag","embeddable":true,"href":"https:\/\/aeca-catequetas.es\/index.php\/wp-json\/wp\/v2\/tags?post=774"}],"curies":[{"name":"wp","href":"https:\/\/api.w.org\/{rel}","templated":true}]}}