{"id":770,"date":"2020-05-30T17:46:03","date_gmt":"2020-05-30T15:46:03","guid":{"rendered":"https:\/\/aeca-catequetas.es\/?p=770"},"modified":"2020-05-30T18:07:03","modified_gmt":"2020-05-30T16:07:03","slug":"palabra-liturgia-compromiso-de-la-caridad","status":"publish","type":"post","link":"https:\/\/aeca-catequetas.es\/index.php\/2020\/05\/30\/palabra-liturgia-compromiso-de-la-caridad\/","title":{"rendered":"Palabra-liturgia-compromiso de la caridad"},"content":{"rendered":"<p><span style=\"color: #000000;\"><strong>Palabra-liturgia-compromiso de la caridad<\/strong><\/span><\/p>\n<p><span style=\"color: #000000;\"><strong>Mar\u00eda Navarro Gonz\u00e1lez. Te\u00f3loga<\/strong><\/span><\/p>\n<p><span style=\"color: #000000;\">Esta nueva pandemia, a mis 86 a\u00f1os, me ha creado, en muchos sentidos, unos sentimientos de desconcierto e impotencia, Esto la ha producido especialmente la realidad que veo a mi alrededor y la que directamente me incumbe por mi situaci\u00f3n actual que, aunque no ha cambiado en lo esencial, s\u00ed han variado los planteamientos, los cauces e incluso algunas actitudes.<\/span><\/p>\n<p><span style=\"color: #000000;\"><strong>Palabra-Liturgia <\/strong><\/span><\/p>\n<p><span style=\"color: #000000;\">Al declararse el estado de alarme, con el consiguiente confinamiento, lo primero que me plantee fue el enfoque de mi vida espiritual, para despu\u00e9s poder dar. Pens\u00e9 que una buena manera de entrar en esta nueva situaci\u00f3n era dedicar unos d\u00edas a hacer Ejercicios Espirituales. Despu\u00e9s de consultarlo con dos personas que me conocen bien me ratificaron que era una decisi\u00f3n muy acertada. Realmente fue un buen medio para fundamentar este tiempo, en cierto sentido, de \u201cdesierto\u201d, para replantear la vida: ver lo finito de la existencia y relativizar todo, incluso la muerte.<\/span><\/p>\n<p><span style=\"color: #000000;\">Y as\u00ed lo hice, durante 10 d\u00edas, en el \u00faltimo tramo de la Cuaresma. Aunque los di por finalizados tres d\u00edas antes de la Semana Santa, \u00e9sta fue el culmen de lo vivido anteriormente. La experiencia de dolor y de muerte, contemplada en la pasi\u00f3n y muerte de Cristo, que se repite hoy en muchas personas que est\u00e1n sufriendo la enfermedad; la ausencia del cari\u00f1o de los suyos; la p\u00e9rdida de un ser querido en la m\u00e1s absoluta soledad, me situaban de una manea nueva ante el dolor y la muerte, como ausencia, pero tambi\u00e9n como presencia de Dios que act\u00faa en la historia.<\/span><\/p>\n<p><span style=\"color: #000000;\">A continuaci\u00f3n la Liturgia del tiempo Pascual, nos situaba en el gozo y la luz de la Resurrecci\u00f3n de Cristo. \u00bfDonde est\u00e1 hoy esa Resurrecci\u00f3n? me preguntaba. No ten\u00eda m\u00e1s que mirar primero, dentro de m\u00ed misma, despu\u00e9s, a mi alrededor para encontrarme con enormes gestos de solidaridad, de servicio y de entrega desinteresadas. Pens\u00e9 que en realidad est\u00e1bamos viviendo una situaci\u00f3n de muerte, pero tambi\u00e9n de vida, de entrega, de amor. Se nos brindaba una gran oportunidad para cuidar los espacios de oraci\u00f3n personal y de encuentro comunitario, aunque\u00a0 fuese en la distancia; dispon\u00edamos de m\u00e1s tiempo para reflexionar, para saborear la Palabra, para \u2013como Mar\u00eda\u2013 guardar todas estas cosas en el coraz\u00f3n.<\/span><\/p>\n<p><span style=\"color: #000000;\">Gracias a la posibilidad de los medios tecnol\u00f3gicos, hemos podido participar en la Celebraci\u00f3n de la Eucarist\u00eda. Aunque sin Comuni\u00f3n sacramental, en la Comuni\u00f3n espiritual, sin duda, se hac\u00eda muy presente el Se\u00f1or. De este modo lo viv\u00eda yo y as\u00ed me lo comunicaban tambi\u00e9n algunas catequistas y otras amigas con las que hablo con frecuencia. Otro regalo de los medios era el poder tener unos minutos de adoraci\u00f3n del Sant\u00edsimo e incluso escuchar y saborear cada d\u00eda la homil\u00eda del Papa.<\/span><\/p>\n<p><span style=\"color: #000000;\">Considerando la importancia de la comuni\u00f3n y oraci\u00f3n de todos por todos, teniendo especialmente presentes a los m\u00e1s desfavorecidos, a los que siguen en los hospitales y a los que se nos han ido a la casa del Padre, nos unimos cada 15 d\u00edas,\u00a0 un grupo de amigas, a trav\u00e9s de <em>Skype<\/em>, para rezar juntos por estas situaciones, y para agradecer el trabajo y la entrega de todos los que est\u00e1n empe\u00f1ados en luchar contra el virus.<\/span><\/p>\n<p><span style=\"color: #000000;\">Personalmente he descubierto lo que en estos\u00a0 momentos significa para m\u00ed \u00a0la palabra \u201chabitar\u201d. Habitar esta vida aqu\u00ed y ahora, habitar un mundo da\u00f1ado, amenazado, pero tambi\u00e9n un mundo solidario, humano, y mucho m\u00e1s fraternal, en el que los m\u00e1s fuertes atienden y ayudan a los m\u00e1s d\u00e9biles, con una gran disponibilidad, sin esperar nada a cambio. Habitada sobre todo, por el Esp\u00edritu del Se\u00f1or que vino a \u201chabitar entre nosotros\u201d y que, por la gracia, sigue habitando en nuestro interior, con nuevas luces y nuevas gestos de misericordia. Por eso la Palabra del Dios que habita en cada uno, es nuestro lugar de encuentro con el Se\u00f1or y nuestros hermanos, y al mismo tiempo la que nos da la fuerza para poder, animar, ayudar, y alegrar a otros, y para construir un espacio nuevo de fraternidad y amor.<\/span><\/p>\n<p><span style=\"color: #000000;\"><strong>Compromiso de la caridad <\/strong><\/span><\/p>\n<p><span style=\"color: #000000;\">Como, en estos momentos, mi dedicaci\u00f3n preferente es la atenci\u00f3n y acompa\u00f1amiento a distintas personas mayores que est\u00e1 en residencias, en hospitales o en sus casas solas. Y de servir de enlace de calle con Caritas parroquial para detectar los problemas y dificultades de muchas personas que duermen en la calle, e intentar, en di\u00e1logo con ellos y con los servicios sociales, aliviar en algo su situaci\u00f3n. Ambas actividades, debidas al confinamiento, han quedado muy desfavorecidas por la dificultad de comunicaci\u00f3n, al no poder salir a la calle, ni realizar ninguna visita. Es uno de los aspectos que m\u00e1s me est\u00e1n haciendo sufrir.<\/span><\/p>\n<p><span style=\"color: #000000;\">Me he sentido impotente ante el sufrimiento de las personas mayores que, tanto en Residencias como en sus casas, estaban sufriendo la soledad y el desconcierto. Muchas sienten en esta situaci\u00f3n el vac\u00edo de la ausencia y de la falta de comunicaci\u00f3n; algunas han pasado por la enfermedad del COVI 19 y han estado hospitalizadas y despu\u00e9s aisladas en cuarentena; y todas totalmente aisladas, confinadas en su habitaci\u00f3n, sin ver nada m\u00e1s que a la persona que las levantan, las acuestan, y les llevan la comida. Para llevarles un poco de consuelo y compa\u00f1\u00eda, me sirvo, junto con otras, casi exclusivamente del tel\u00e9fono, pues ellas no cuentan con otros medios, ni saben manejarlos. Este rato de comunicaci\u00f3n telef\u00f3nica con cada una, es un momento muy oportuno para animarles, trasladarle seguridad, confianza y \u00a0un poco de consuelo. El Se\u00f1or, que no falla, est\u00e1 con nosotros, habita en nuestro interior, y su Madre nos acompa\u00f1a en todo momento. Esperan siempre con ilusi\u00f3n estas llamadas y nos transmiten a nosotras la alegr\u00eda del encuentro.<\/span><\/p>\n<p><span style=\"color: #000000;\">Hemos podido conectar con algunos colectivos empe\u00f1ados en atenuar el sufrimiento de tantas personas en soledad o que pasan hambre o cualquier otro tipo de necesidad. Aqu\u00ed no solo ha sido importante nuestra aportaci\u00f3n material, sino tambi\u00e9n el darlas a conocer a familiares, amigos, catequistas, etc., a trav\u00e9s del Whassap, para que, si les era posible, se implicaran tambi\u00e9n en ello. La\u00a0 respuesta ha sido muy generosa, colaborando activamente con: Caritas, la ONG InteRed, las dos Parroquias del barrio de Los Pajaritos, cuyos habitantes, extremadamente pobres, viven de la\u00a0 mendicidad, de la recogida y venta de chatarras y de los mercadillos; actividades que ahora no pueden realizar y, por tanto, no tienen ning\u00fan ingreso.\u00a0 Los sacerdotes que atienden las parroquias est\u00e1n totalmente dedicados a ellos y est\u00e1n desbordados y tienen muy pocos medios. Tambi\u00e9n hemos colaborado a trav\u00e9s de una asociaci\u00f3n de taxistas creada en este tiempo para este fin. Coordinados por un m\u00e9dico conocido, recogen generosamente en los domicilios de los donantes alimentos y art\u00edculos de limpieza y aseo, con los que despu\u00e9s hacen lotes y los llevan al asentamiento de emigrantes de Lepe, que viven en condiciones infrahumanas. A nivel familiar tambi\u00e9n colaboramos con un grupo de la Asociaci\u00f3n de vecinos, que est\u00e1n, conectados con C\u00e1ritas y empe\u00f1ados en aliviar la necesidad de otros,<\/span><\/p>\n<p><span style=\"color: #000000;\"><strong>Incidencias en la Iniciaci\u00f3n Cristiana \u00a0<\/strong><\/span><\/p>\n<p><span style=\"color: #000000;\">No es posible calibrar qu\u00e9 incidencias ha tenido este planteamiento en la Iniciaci\u00f3n Cristiana. La oraci\u00f3n me ha llevado a recordar c\u00f3mo actu\u00f3 el Se\u00f1or con el Pueblo de Israel, esclavo en Egipto: <em>vio, <\/em>el sufrimiento del pueblo, <em>escuch\u00f3 <\/em>su clamor, y lo <em>liber\u00f3,<\/em> vali\u00e9ndose de mediaciones. <em>\u00abSalir\u00bb<\/em> a otros ambientes en busca de los que necesitan nuestra ayuda, como nos ha dicho el Papa tantas veces. Poner en pr\u00e1ctica lo que decimos del Anuncio misionero: primero el testimonio y despu\u00e9s el anuncio.<\/span><\/p>\n<p><span style=\"color: #000000;\"><strong>ARTICULO EN PDF: <a style=\"color: #000000;\" href=\"https:\/\/aeca-catequetas.es\/wp-content\/uploads\/2020\/05\/M\u00aa-NAVARRO-Palabra-Liturgia-compromiso-de-la-caridad.pdf\">M\u00aa NAVARRO Palabra-Liturgia-compromiso de la caridad<\/a><\/strong><\/span><\/p>\n","protected":false},"excerpt":{"rendered":"<p>Palabra-liturgia-compromiso de la caridad Mar\u00eda Navarro Gonz\u00e1lez. Te\u00f3loga Esta nueva pandemia, a mis 86 a\u00f1os, me ha creado, en muchos sentidos, unos sentimientos de desconcierto e impotencia, Esto la ha producido especialmente la realidad que veo a mi alrededor y la que directamente me incumbe por mi situaci\u00f3n actual que, aunque no ha cambiado en [&hellip;]<\/p>\n","protected":false},"author":4,"featured_media":771,"comment_status":"open","ping_status":"open","sticky":false,"template":"","format":"standard","meta":{"_et_pb_use_builder":"","_et_pb_old_content":"","_et_gb_content_width":"","footnotes":""},"categories":[162],"tags":[171,186],"class_list":["post-770","post","type-post","status-publish","format-standard","has-post-thumbnail","hentry","category-catequesis-y-pandemia","tag-catequesis-y-pandemia","tag-maria-navarro-gonzalez","et-has-post-format-content","et_post_format-et-post-format-standard"],"yoast_head":"<!-- This site is optimized with the Yoast SEO plugin v27.4 - https:\/\/yoast.com\/product\/yoast-seo-wordpress\/ -->\n<title>Palabra-liturgia-compromiso de la caridad - Asociaci\u00f3n Espa\u00f1ola de Catequetas<\/title>\n<meta name=\"robots\" content=\"index, follow, max-snippet:-1, max-image-preview:large, max-video-preview:-1\" \/>\n<link rel=\"canonical\" href=\"https:\/\/aeca-catequetas.es\/index.php\/2020\/05\/30\/palabra-liturgia-compromiso-de-la-caridad\/\" \/>\n<meta property=\"og:locale\" content=\"es_ES\" \/>\n<meta property=\"og:type\" content=\"article\" \/>\n<meta property=\"og:title\" content=\"Palabra-liturgia-compromiso de la caridad - Asociaci\u00f3n Espa\u00f1ola de Catequetas\" \/>\n<meta property=\"og:description\" content=\"Palabra-liturgia-compromiso de la caridad Mar\u00eda Navarro Gonz\u00e1lez. Te\u00f3loga Esta nueva pandemia, a mis 86 a\u00f1os, me ha creado, en muchos sentidos, unos sentimientos de desconcierto e impotencia, Esto la ha producido especialmente la realidad que veo a mi alrededor y la que directamente me incumbe por mi situaci\u00f3n actual que, aunque no ha cambiado en [&hellip;]\" \/>\n<meta property=\"og:url\" content=\"https:\/\/aeca-catequetas.es\/index.php\/2020\/05\/30\/palabra-liturgia-compromiso-de-la-caridad\/\" \/>\n<meta property=\"og:site_name\" content=\"Asociaci\u00f3n Espa\u00f1ola de Catequetas\" \/>\n<meta property=\"article:published_time\" content=\"2020-05-30T15:46:03+00:00\" \/>\n<meta property=\"article:modified_time\" content=\"2020-05-30T16:07:03+00:00\" \/>\n<meta property=\"og:image\" content=\"https:\/\/aeca-catequetas.es\/wp-content\/uploads\/2020\/05\/CARTEA-PAPABRA-LITURGIA-MARIA-NAVARRO.png\" \/>\n\t<meta property=\"og:image:width\" content=\"1446\" \/>\n\t<meta property=\"og:image:height\" content=\"818\" \/>\n\t<meta property=\"og:image:type\" content=\"image\/png\" \/>\n<meta name=\"author\" content=\"webmaster\" \/>\n<meta name=\"twitter:card\" content=\"summary_large_image\" \/>\n<meta name=\"twitter:label1\" content=\"Escrito por\" \/>\n\t<meta name=\"twitter:data1\" content=\"webmaster\" \/>\n\t<meta name=\"twitter:label2\" content=\"Tiempo de lectura\" \/>\n\t<meta name=\"twitter:data2\" content=\"7 minutos\" \/>\n<script type=\"application\/ld+json\" class=\"yoast-schema-graph\">{\"@context\":\"https:\\\/\\\/schema.org\",\"@graph\":[{\"@type\":\"Article\",\"@id\":\"https:\\\/\\\/aeca-catequetas.es\\\/index.php\\\/2020\\\/05\\\/30\\\/palabra-liturgia-compromiso-de-la-caridad\\\/#article\",\"isPartOf\":{\"@id\":\"https:\\\/\\\/aeca-catequetas.es\\\/index.php\\\/2020\\\/05\\\/30\\\/palabra-liturgia-compromiso-de-la-caridad\\\/\"},\"author\":{\"name\":\"webmaster\",\"@id\":\"https:\\\/\\\/aeca-catequetas.es\\\/#\\\/schema\\\/person\\\/510ee7731f0229f7a896e5f62ff53292\"},\"headline\":\"Palabra-liturgia-compromiso de la caridad\",\"datePublished\":\"2020-05-30T15:46:03+00:00\",\"dateModified\":\"2020-05-30T16:07:03+00:00\",\"mainEntityOfPage\":{\"@id\":\"https:\\\/\\\/aeca-catequetas.es\\\/index.php\\\/2020\\\/05\\\/30\\\/palabra-liturgia-compromiso-de-la-caridad\\\/\"},\"wordCount\":1380,\"commentCount\":0,\"image\":{\"@id\":\"https:\\\/\\\/aeca-catequetas.es\\\/index.php\\\/2020\\\/05\\\/30\\\/palabra-liturgia-compromiso-de-la-caridad\\\/#primaryimage\"},\"thumbnailUrl\":\"https:\\\/\\\/aeca-catequetas.es\\\/wp-content\\\/uploads\\\/2020\\\/05\\\/CARTEA-PAPABRA-LITURGIA-MARIA-NAVARRO.png\",\"keywords\":[\"CATEQUESIS Y PANDEMIA\",\"Mar\u00eda Navarro Gonz\u00e1lez\"],\"articleSection\":[\"Catequesis y Pandemia\"],\"inLanguage\":\"es\",\"potentialAction\":[{\"@type\":\"CommentAction\",\"name\":\"Comment\",\"target\":[\"https:\\\/\\\/aeca-catequetas.es\\\/index.php\\\/2020\\\/05\\\/30\\\/palabra-liturgia-compromiso-de-la-caridad\\\/#respond\"]}]},{\"@type\":\"WebPage\",\"@id\":\"https:\\\/\\\/aeca-catequetas.es\\\/index.php\\\/2020\\\/05\\\/30\\\/palabra-liturgia-compromiso-de-la-caridad\\\/\",\"url\":\"https:\\\/\\\/aeca-catequetas.es\\\/index.php\\\/2020\\\/05\\\/30\\\/palabra-liturgia-compromiso-de-la-caridad\\\/\",\"name\":\"Palabra-liturgia-compromiso de la caridad - Asociaci\u00f3n Espa\u00f1ola de Catequetas\",\"isPartOf\":{\"@id\":\"https:\\\/\\\/aeca-catequetas.es\\\/#website\"},\"primaryImageOfPage\":{\"@id\":\"https:\\\/\\\/aeca-catequetas.es\\\/index.php\\\/2020\\\/05\\\/30\\\/palabra-liturgia-compromiso-de-la-caridad\\\/#primaryimage\"},\"image\":{\"@id\":\"https:\\\/\\\/aeca-catequetas.es\\\/index.php\\\/2020\\\/05\\\/30\\\/palabra-liturgia-compromiso-de-la-caridad\\\/#primaryimage\"},\"thumbnailUrl\":\"https:\\\/\\\/aeca-catequetas.es\\\/wp-content\\\/uploads\\\/2020\\\/05\\\/CARTEA-PAPABRA-LITURGIA-MARIA-NAVARRO.png\",\"datePublished\":\"2020-05-30T15:46:03+00:00\",\"dateModified\":\"2020-05-30T16:07:03+00:00\",\"author\":{\"@id\":\"https:\\\/\\\/aeca-catequetas.es\\\/#\\\/schema\\\/person\\\/510ee7731f0229f7a896e5f62ff53292\"},\"breadcrumb\":{\"@id\":\"https:\\\/\\\/aeca-catequetas.es\\\/index.php\\\/2020\\\/05\\\/30\\\/palabra-liturgia-compromiso-de-la-caridad\\\/#breadcrumb\"},\"inLanguage\":\"es\",\"potentialAction\":[{\"@type\":\"ReadAction\",\"target\":[\"https:\\\/\\\/aeca-catequetas.es\\\/index.php\\\/2020\\\/05\\\/30\\\/palabra-liturgia-compromiso-de-la-caridad\\\/\"]}]},{\"@type\":\"ImageObject\",\"inLanguage\":\"es\",\"@id\":\"https:\\\/\\\/aeca-catequetas.es\\\/index.php\\\/2020\\\/05\\\/30\\\/palabra-liturgia-compromiso-de-la-caridad\\\/#primaryimage\",\"url\":\"https:\\\/\\\/aeca-catequetas.es\\\/wp-content\\\/uploads\\\/2020\\\/05\\\/CARTEA-PAPABRA-LITURGIA-MARIA-NAVARRO.png\",\"contentUrl\":\"https:\\\/\\\/aeca-catequetas.es\\\/wp-content\\\/uploads\\\/2020\\\/05\\\/CARTEA-PAPABRA-LITURGIA-MARIA-NAVARRO.png\",\"width\":1446,\"height\":818},{\"@type\":\"BreadcrumbList\",\"@id\":\"https:\\\/\\\/aeca-catequetas.es\\\/index.php\\\/2020\\\/05\\\/30\\\/palabra-liturgia-compromiso-de-la-caridad\\\/#breadcrumb\",\"itemListElement\":[{\"@type\":\"ListItem\",\"position\":1,\"name\":\"Home\",\"item\":\"https:\\\/\\\/aeca-catequetas.es\\\/\"},{\"@type\":\"ListItem\",\"position\":2,\"name\":\"Palabra-liturgia-compromiso de la caridad\"}]},{\"@type\":\"WebSite\",\"@id\":\"https:\\\/\\\/aeca-catequetas.es\\\/#website\",\"url\":\"https:\\\/\\\/aeca-catequetas.es\\\/\",\"name\":\"Asociaci\u00f3n Espa\u00f1ola de Catequetas\",\"description\":\"Asociaci\u00f3n Espa\u00f1ola de Catequetas\",\"potentialAction\":[{\"@type\":\"SearchAction\",\"target\":{\"@type\":\"EntryPoint\",\"urlTemplate\":\"https:\\\/\\\/aeca-catequetas.es\\\/?s={search_term_string}\"},\"query-input\":{\"@type\":\"PropertyValueSpecification\",\"valueRequired\":true,\"valueName\":\"search_term_string\"}}],\"inLanguage\":\"es\"},{\"@type\":\"Person\",\"@id\":\"https:\\\/\\\/aeca-catequetas.es\\\/#\\\/schema\\\/person\\\/510ee7731f0229f7a896e5f62ff53292\",\"name\":\"webmaster\",\"image\":{\"@type\":\"ImageObject\",\"inLanguage\":\"es\",\"@id\":\"https:\\\/\\\/secure.gravatar.com\\\/avatar\\\/397ca6d635bf8d8d18cf57a1ce24b4240dbb20b43c094e2f61695671478e7a8d?s=96&d=mm&r=g\",\"url\":\"https:\\\/\\\/secure.gravatar.com\\\/avatar\\\/397ca6d635bf8d8d18cf57a1ce24b4240dbb20b43c094e2f61695671478e7a8d?s=96&d=mm&r=g\",\"contentUrl\":\"https:\\\/\\\/secure.gravatar.com\\\/avatar\\\/397ca6d635bf8d8d18cf57a1ce24b4240dbb20b43c094e2f61695671478e7a8d?s=96&d=mm&r=g\",\"caption\":\"webmaster\"},\"url\":\"https:\\\/\\\/aeca-catequetas.es\\\/index.php\\\/author\\\/manuelbru\\\/\"}]}<\/script>\n<!-- \/ Yoast SEO plugin. -->","yoast_head_json":{"title":"Palabra-liturgia-compromiso de la caridad - Asociaci\u00f3n Espa\u00f1ola de Catequetas","robots":{"index":"index","follow":"follow","max-snippet":"max-snippet:-1","max-image-preview":"max-image-preview:large","max-video-preview":"max-video-preview:-1"},"canonical":"https:\/\/aeca-catequetas.es\/index.php\/2020\/05\/30\/palabra-liturgia-compromiso-de-la-caridad\/","og_locale":"es_ES","og_type":"article","og_title":"Palabra-liturgia-compromiso de la caridad - Asociaci\u00f3n Espa\u00f1ola de Catequetas","og_description":"Palabra-liturgia-compromiso de la caridad Mar\u00eda Navarro Gonz\u00e1lez. Te\u00f3loga Esta nueva pandemia, a mis 86 a\u00f1os, me ha creado, en muchos sentidos, unos sentimientos de desconcierto e impotencia, Esto la ha producido especialmente la realidad que veo a mi alrededor y la que directamente me incumbe por mi situaci\u00f3n actual que, aunque no ha cambiado en [&hellip;]","og_url":"https:\/\/aeca-catequetas.es\/index.php\/2020\/05\/30\/palabra-liturgia-compromiso-de-la-caridad\/","og_site_name":"Asociaci\u00f3n Espa\u00f1ola de Catequetas","article_published_time":"2020-05-30T15:46:03+00:00","article_modified_time":"2020-05-30T16:07:03+00:00","og_image":[{"width":1446,"height":818,"url":"https:\/\/aeca-catequetas.es\/wp-content\/uploads\/2020\/05\/CARTEA-PAPABRA-LITURGIA-MARIA-NAVARRO.png","type":"image\/png"}],"author":"webmaster","twitter_card":"summary_large_image","twitter_misc":{"Escrito por":"webmaster","Tiempo de lectura":"7 minutos"},"schema":{"@context":"https:\/\/schema.org","@graph":[{"@type":"Article","@id":"https:\/\/aeca-catequetas.es\/index.php\/2020\/05\/30\/palabra-liturgia-compromiso-de-la-caridad\/#article","isPartOf":{"@id":"https:\/\/aeca-catequetas.es\/index.php\/2020\/05\/30\/palabra-liturgia-compromiso-de-la-caridad\/"},"author":{"name":"webmaster","@id":"https:\/\/aeca-catequetas.es\/#\/schema\/person\/510ee7731f0229f7a896e5f62ff53292"},"headline":"Palabra-liturgia-compromiso de la caridad","datePublished":"2020-05-30T15:46:03+00:00","dateModified":"2020-05-30T16:07:03+00:00","mainEntityOfPage":{"@id":"https:\/\/aeca-catequetas.es\/index.php\/2020\/05\/30\/palabra-liturgia-compromiso-de-la-caridad\/"},"wordCount":1380,"commentCount":0,"image":{"@id":"https:\/\/aeca-catequetas.es\/index.php\/2020\/05\/30\/palabra-liturgia-compromiso-de-la-caridad\/#primaryimage"},"thumbnailUrl":"https:\/\/aeca-catequetas.es\/wp-content\/uploads\/2020\/05\/CARTEA-PAPABRA-LITURGIA-MARIA-NAVARRO.png","keywords":["CATEQUESIS Y PANDEMIA","Mar\u00eda Navarro Gonz\u00e1lez"],"articleSection":["Catequesis y Pandemia"],"inLanguage":"es","potentialAction":[{"@type":"CommentAction","name":"Comment","target":["https:\/\/aeca-catequetas.es\/index.php\/2020\/05\/30\/palabra-liturgia-compromiso-de-la-caridad\/#respond"]}]},{"@type":"WebPage","@id":"https:\/\/aeca-catequetas.es\/index.php\/2020\/05\/30\/palabra-liturgia-compromiso-de-la-caridad\/","url":"https:\/\/aeca-catequetas.es\/index.php\/2020\/05\/30\/palabra-liturgia-compromiso-de-la-caridad\/","name":"Palabra-liturgia-compromiso de la caridad - Asociaci\u00f3n Espa\u00f1ola de Catequetas","isPartOf":{"@id":"https:\/\/aeca-catequetas.es\/#website"},"primaryImageOfPage":{"@id":"https:\/\/aeca-catequetas.es\/index.php\/2020\/05\/30\/palabra-liturgia-compromiso-de-la-caridad\/#primaryimage"},"image":{"@id":"https:\/\/aeca-catequetas.es\/index.php\/2020\/05\/30\/palabra-liturgia-compromiso-de-la-caridad\/#primaryimage"},"thumbnailUrl":"https:\/\/aeca-catequetas.es\/wp-content\/uploads\/2020\/05\/CARTEA-PAPABRA-LITURGIA-MARIA-NAVARRO.png","datePublished":"2020-05-30T15:46:03+00:00","dateModified":"2020-05-30T16:07:03+00:00","author":{"@id":"https:\/\/aeca-catequetas.es\/#\/schema\/person\/510ee7731f0229f7a896e5f62ff53292"},"breadcrumb":{"@id":"https:\/\/aeca-catequetas.es\/index.php\/2020\/05\/30\/palabra-liturgia-compromiso-de-la-caridad\/#breadcrumb"},"inLanguage":"es","potentialAction":[{"@type":"ReadAction","target":["https:\/\/aeca-catequetas.es\/index.php\/2020\/05\/30\/palabra-liturgia-compromiso-de-la-caridad\/"]}]},{"@type":"ImageObject","inLanguage":"es","@id":"https:\/\/aeca-catequetas.es\/index.php\/2020\/05\/30\/palabra-liturgia-compromiso-de-la-caridad\/#primaryimage","url":"https:\/\/aeca-catequetas.es\/wp-content\/uploads\/2020\/05\/CARTEA-PAPABRA-LITURGIA-MARIA-NAVARRO.png","contentUrl":"https:\/\/aeca-catequetas.es\/wp-content\/uploads\/2020\/05\/CARTEA-PAPABRA-LITURGIA-MARIA-NAVARRO.png","width":1446,"height":818},{"@type":"BreadcrumbList","@id":"https:\/\/aeca-catequetas.es\/index.php\/2020\/05\/30\/palabra-liturgia-compromiso-de-la-caridad\/#breadcrumb","itemListElement":[{"@type":"ListItem","position":1,"name":"Home","item":"https:\/\/aeca-catequetas.es\/"},{"@type":"ListItem","position":2,"name":"Palabra-liturgia-compromiso de la caridad"}]},{"@type":"WebSite","@id":"https:\/\/aeca-catequetas.es\/#website","url":"https:\/\/aeca-catequetas.es\/","name":"Asociaci\u00f3n Espa\u00f1ola de Catequetas","description":"Asociaci\u00f3n Espa\u00f1ola de Catequetas","potentialAction":[{"@type":"SearchAction","target":{"@type":"EntryPoint","urlTemplate":"https:\/\/aeca-catequetas.es\/?s={search_term_string}"},"query-input":{"@type":"PropertyValueSpecification","valueRequired":true,"valueName":"search_term_string"}}],"inLanguage":"es"},{"@type":"Person","@id":"https:\/\/aeca-catequetas.es\/#\/schema\/person\/510ee7731f0229f7a896e5f62ff53292","name":"webmaster","image":{"@type":"ImageObject","inLanguage":"es","@id":"https:\/\/secure.gravatar.com\/avatar\/397ca6d635bf8d8d18cf57a1ce24b4240dbb20b43c094e2f61695671478e7a8d?s=96&d=mm&r=g","url":"https:\/\/secure.gravatar.com\/avatar\/397ca6d635bf8d8d18cf57a1ce24b4240dbb20b43c094e2f61695671478e7a8d?s=96&d=mm&r=g","contentUrl":"https:\/\/secure.gravatar.com\/avatar\/397ca6d635bf8d8d18cf57a1ce24b4240dbb20b43c094e2f61695671478e7a8d?s=96&d=mm&r=g","caption":"webmaster"},"url":"https:\/\/aeca-catequetas.es\/index.php\/author\/manuelbru\/"}]}},"jetpack_featured_media_url":"https:\/\/aeca-catequetas.es\/wp-content\/uploads\/2020\/05\/CARTEA-PAPABRA-LITURGIA-MARIA-NAVARRO.png","_links":{"self":[{"href":"https:\/\/aeca-catequetas.es\/index.php\/wp-json\/wp\/v2\/posts\/770","targetHints":{"allow":["GET"]}}],"collection":[{"href":"https:\/\/aeca-catequetas.es\/index.php\/wp-json\/wp\/v2\/posts"}],"about":[{"href":"https:\/\/aeca-catequetas.es\/index.php\/wp-json\/wp\/v2\/types\/post"}],"author":[{"embeddable":true,"href":"https:\/\/aeca-catequetas.es\/index.php\/wp-json\/wp\/v2\/users\/4"}],"replies":[{"embeddable":true,"href":"https:\/\/aeca-catequetas.es\/index.php\/wp-json\/wp\/v2\/comments?post=770"}],"version-history":[{"count":3,"href":"https:\/\/aeca-catequetas.es\/index.php\/wp-json\/wp\/v2\/posts\/770\/revisions"}],"predecessor-version":[{"id":785,"href":"https:\/\/aeca-catequetas.es\/index.php\/wp-json\/wp\/v2\/posts\/770\/revisions\/785"}],"wp:featuredmedia":[{"embeddable":true,"href":"https:\/\/aeca-catequetas.es\/index.php\/wp-json\/wp\/v2\/media\/771"}],"wp:attachment":[{"href":"https:\/\/aeca-catequetas.es\/index.php\/wp-json\/wp\/v2\/media?parent=770"}],"wp:term":[{"taxonomy":"category","embeddable":true,"href":"https:\/\/aeca-catequetas.es\/index.php\/wp-json\/wp\/v2\/categories?post=770"},{"taxonomy":"post_tag","embeddable":true,"href":"https:\/\/aeca-catequetas.es\/index.php\/wp-json\/wp\/v2\/tags?post=770"}],"curies":[{"name":"wp","href":"https:\/\/api.w.org\/{rel}","templated":true}]}}