{"id":497,"date":"2020-03-09T18:45:55","date_gmt":"2020-03-09T17:45:55","guid":{"rendered":"https:\/\/aeca-catequetas.es\/?p=497"},"modified":"2020-03-09T18:50:59","modified_gmt":"2020-03-09T17:50:59","slug":"el-papa-anuncia-para-2022-un-sinodo-de-obispos-sobre-iglesia-y-sinodalidad","status":"publish","type":"post","link":"https:\/\/aeca-catequetas.es\/index.php\/2020\/03\/09\/el-papa-anuncia-para-2022-un-sinodo-de-obispos-sobre-iglesia-y-sinodalidad\/","title":{"rendered":"El Papa anuncia para 2022 un S\u00ednodo de obispos sobre Iglesia y sinodalidad"},"content":{"rendered":"<p class=\"article__subTitle\"><em><strong>En dos a\u00f1os tendr\u00e1 lugar la pr\u00f3xima Asamblea General ordinaria del S\u00ednodo de los Obispos sobre el tema de la sinodalidad. Lo ha anunciado el secretario general del S\u00ednodo, el cardenal Lorenzo Baldisseri<\/strong><\/em><\/p>\n<p class=\"title__separator\">\n<div class=\"article__text\">\n<p><b>Amedeo Lomonaco \u2013 Ciudad del Vaticano.- Vatican News. <\/b>\u00abPor una Iglesia sinodal: comuni\u00f3n, participaci\u00f3n y misi\u00f3n\u00bb. Este es el tema de la XVI Asamblea General Ordinaria del S\u00ednodo de los Obispos convocada por el Papa Francisco. Durante el pontificado, el Santo Padre ha mencionado repetidamente que la sinodalidad es un camino principal en la vida de la Iglesia. Con motivo del 50 aniversario de la instituci\u00f3n del S\u00ednodo de los Obispos, el 17 de octubre de 2015, pronunci\u00f3 estas palabras: \u00abLo que el Se\u00f1or nos pide, en cierto sentido, ya est\u00e1 contenido en la palabra S\u00ednodo. Caminar juntos &#8211; laicos, pastores, obispo de Roma &#8211; es un concepto f\u00e1cil de expresar, pero no tan f\u00e1cil de poner en pr\u00e1ctica\u00bb.<strong>Una pir\u00e1mide invertida<\/strong><\/p>\n<p>La sinodalidad, subray\u00f3 el Papa en 2015, ofrece \u00abel marco interpretativo m\u00e1s adecuado para comprender el propio ministerio jer\u00e1rquico\u00bb. \u00abSi entendemos que, como dice San Juan Cris\u00f3stomo, la Iglesia y el S\u00ednodo son sin\u00f3nimos, tambi\u00e9n entendemos que en \u00e9l nadie puede ser elevado por encima de los dem\u00e1s\u00bb. \u00abPor el contrario, explic\u00f3 el Santo Padre, en la Iglesia es necesario que alguien &#8216;se agache&#8217; para ponerse al servicio de los hermanos en el camino\u00bb. Jes\u00fas estableci\u00f3 la Iglesia \u00abcolocando el Colegio Apost\u00f3lico en su cima, en el cual el ap\u00f3stol Pedro es la roca\u00bb. Pero en esta Iglesia, \u00abcomo en una pir\u00e1mide invertida, la cumbre est\u00e1 debajo de la base\u00bb. Francisco observ\u00f3 que los que ejercen autoridad \u00abse llaman ministros porque, seg\u00fan el significado original de la palabra, son los menos importantes\u00bb.<\/p>\n<p><strong>Niveles de sinodalidad<\/strong><\/p>\n<p>El primer nivel de ejercicio de sinodalidad se lleva a cabo en Iglesias particulares. El segundo nivel es el de las Provincias y Regiones Eclesi\u00e1sticas, de los Consejos Particulares y especialmente de las Conferencias Episcopales. El \u00faltimo nivel es el de la Iglesia universal. \u00abAqu\u00ed el S\u00ednodo de los Obispos, que representa al episcopado cat\u00f3lico, record\u00f3 el Papa, se convierte en una expresi\u00f3n de colegialidad episcopal dentro de una Iglesia completamente sinodal\u00bb.<\/p>\n<p><strong>S\u00ednodo y sinodalidad<\/strong><\/p>\n<p>Inspir\u00e1ndose en las palabras de Francisco con motivo del 50 aniversario del establecimiento del S\u00ednodo de los Obispos, la Comisi\u00f3n Teol\u00f3gica Internacional realiz\u00f3, en 2018, un estudio sobre la sinodalidad en la vida y la misi\u00f3n de la Iglesia. S\u00ednodo &#8211; se lee el documento &#8211; es una palabra antigua en la tradici\u00f3n de la Iglesia. Se compone de la preposici\u00f3n \u03c3\u03cd\u03bd (con) y el sustantivo \u1f41\u03b4\u03cc\u03c2 (v\u00eda). Indica el camino recorrido por el Pueblo de Dios. Desde los primeros siglos, como se recuerda en el documento, las asambleas eclesiales convocadas en varios niveles se designan con la palabra \u00abs\u00ednodo\u00bb para discernir, a la luz de la Palabra de Dios, preguntas doctrinales, lit\u00fargicas, can\u00f3nicas y pastorales.<\/p>\n<p>El t\u00e9rmino sinodalidad &#8211; subraya el estudio &#8211; indica \u00abel modus vivendi et operandi espec\u00edfico de la Iglesia del Pueblo de Dios que manifiesta y concretamente se da cuenta de que es una comuni\u00f3n en el que se camina juntos, se re\u00fane en la asamblea y todos sus miembros participan activamente en su misi\u00f3n evangelizadora\u00bb. El concepto de comuni\u00f3n expresa \u00abla sustancia profunda del misterio y la misi\u00f3n de la Iglesia\u00bb, que en la celebraci\u00f3n eucar\u00edstica \u00abtiene su fuente y culminaci\u00f3n\u00bb.<\/p>\n<\/div>\n","protected":false},"excerpt":{"rendered":"<p>En dos a\u00f1os tendr\u00e1 lugar la pr\u00f3xima Asamblea General ordinaria del S\u00ednodo de los Obispos sobre el tema de la sinodalidad. Lo ha anunciado el secretario general del S\u00ednodo, el cardenal Lorenzo Baldisseri Amedeo Lomonaco \u2013 Ciudad del Vaticano.- Vatican News. \u00abPor una Iglesia sinodal: comuni\u00f3n, participaci\u00f3n y misi\u00f3n\u00bb. Este es el tema de la [&hellip;]<\/p>\n","protected":false},"author":4,"featured_media":498,"comment_status":"open","ping_status":"open","sticky":false,"template":"","format":"standard","meta":{"_et_pb_use_builder":"","_et_pb_old_content":"","_et_gb_content_width":"","footnotes":""},"categories":[3],"tags":[132,42,131],"class_list":["post-497","post","type-post","status-publish","format-standard","has-post-thumbnail","hentry","category-noticias","tag-iglesia-y-sinodalidad","tag-papa-francisco","tag-sinodo-2022","et-has-post-format-content","et_post_format-et-post-format-standard"],"yoast_head":"<!-- This site is optimized with the Yoast SEO plugin v27.4 - https:\/\/yoast.com\/product\/yoast-seo-wordpress\/ -->\n<title>El Papa anuncia para 2022 un S\u00ednodo de obispos sobre Iglesia y sinodalidad - Asociaci\u00f3n Espa\u00f1ola de Catequetas<\/title>\n<meta name=\"robots\" content=\"index, follow, max-snippet:-1, max-image-preview:large, max-video-preview:-1\" \/>\n<link rel=\"canonical\" href=\"https:\/\/aeca-catequetas.es\/index.php\/2020\/03\/09\/el-papa-anuncia-para-2022-un-sinodo-de-obispos-sobre-iglesia-y-sinodalidad\/\" \/>\n<meta property=\"og:locale\" content=\"es_ES\" \/>\n<meta property=\"og:type\" content=\"article\" \/>\n<meta property=\"og:title\" content=\"El Papa anuncia para 2022 un S\u00ednodo de obispos sobre Iglesia y sinodalidad - Asociaci\u00f3n Espa\u00f1ola de Catequetas\" \/>\n<meta property=\"og:description\" content=\"En dos a\u00f1os tendr\u00e1 lugar la pr\u00f3xima Asamblea General ordinaria del S\u00ednodo de los Obispos sobre el tema de la sinodalidad. Lo ha anunciado el secretario general del S\u00ednodo, el cardenal Lorenzo Baldisseri Amedeo Lomonaco \u2013 Ciudad del Vaticano.- Vatican News. \u00abPor una Iglesia sinodal: comuni\u00f3n, participaci\u00f3n y misi\u00f3n\u00bb. Este es el tema de la [&hellip;]\" \/>\n<meta property=\"og:url\" content=\"https:\/\/aeca-catequetas.es\/index.php\/2020\/03\/09\/el-papa-anuncia-para-2022-un-sinodo-de-obispos-sobre-iglesia-y-sinodalidad\/\" \/>\n<meta property=\"og:site_name\" content=\"Asociaci\u00f3n Espa\u00f1ola de Catequetas\" \/>\n<meta property=\"article:published_time\" content=\"2020-03-09T17:45:55+00:00\" \/>\n<meta property=\"article:modified_time\" content=\"2020-03-09T17:50:59+00:00\" \/>\n<meta property=\"og:image\" content=\"https:\/\/aeca-catequetas.es\/wp-content\/uploads\/2020\/03\/foto-sinodo.jpeg\" \/>\n\t<meta property=\"og:image:width\" content=\"750\" \/>\n\t<meta property=\"og:image:height\" content=\"422\" \/>\n\t<meta property=\"og:image:type\" content=\"image\/jpeg\" \/>\n<meta name=\"author\" content=\"webmaster\" \/>\n<meta name=\"twitter:card\" content=\"summary_large_image\" \/>\n<meta name=\"twitter:label1\" content=\"Escrito por\" \/>\n\t<meta name=\"twitter:data1\" content=\"webmaster\" \/>\n\t<meta name=\"twitter:label2\" content=\"Tiempo de lectura\" \/>\n\t<meta name=\"twitter:data2\" content=\"3 minutos\" \/>\n<script type=\"application\/ld+json\" class=\"yoast-schema-graph\">{\"@context\":\"https:\\\/\\\/schema.org\",\"@graph\":[{\"@type\":\"Article\",\"@id\":\"https:\\\/\\\/aeca-catequetas.es\\\/index.php\\\/2020\\\/03\\\/09\\\/el-papa-anuncia-para-2022-un-sinodo-de-obispos-sobre-iglesia-y-sinodalidad\\\/#article\",\"isPartOf\":{\"@id\":\"https:\\\/\\\/aeca-catequetas.es\\\/index.php\\\/2020\\\/03\\\/09\\\/el-papa-anuncia-para-2022-un-sinodo-de-obispos-sobre-iglesia-y-sinodalidad\\\/\"},\"author\":{\"name\":\"webmaster\",\"@id\":\"https:\\\/\\\/aeca-catequetas.es\\\/#\\\/schema\\\/person\\\/510ee7731f0229f7a896e5f62ff53292\"},\"headline\":\"El Papa anuncia para 2022 un S\u00ednodo de obispos sobre Iglesia y sinodalidad\",\"datePublished\":\"2020-03-09T17:45:55+00:00\",\"dateModified\":\"2020-03-09T17:50:59+00:00\",\"mainEntityOfPage\":{\"@id\":\"https:\\\/\\\/aeca-catequetas.es\\\/index.php\\\/2020\\\/03\\\/09\\\/el-papa-anuncia-para-2022-un-sinodo-de-obispos-sobre-iglesia-y-sinodalidad\\\/\"},\"wordCount\":622,\"commentCount\":0,\"image\":{\"@id\":\"https:\\\/\\\/aeca-catequetas.es\\\/index.php\\\/2020\\\/03\\\/09\\\/el-papa-anuncia-para-2022-un-sinodo-de-obispos-sobre-iglesia-y-sinodalidad\\\/#primaryimage\"},\"thumbnailUrl\":\"https:\\\/\\\/aeca-catequetas.es\\\/wp-content\\\/uploads\\\/2020\\\/03\\\/foto-sinodo.jpeg\",\"keywords\":[\"Iglesia y sinodalidad\",\"Papa Francisco\",\"S\u00ednodo 2022\"],\"articleSection\":[\"Noticias\"],\"inLanguage\":\"es\",\"potentialAction\":[{\"@type\":\"CommentAction\",\"name\":\"Comment\",\"target\":[\"https:\\\/\\\/aeca-catequetas.es\\\/index.php\\\/2020\\\/03\\\/09\\\/el-papa-anuncia-para-2022-un-sinodo-de-obispos-sobre-iglesia-y-sinodalidad\\\/#respond\"]}]},{\"@type\":\"WebPage\",\"@id\":\"https:\\\/\\\/aeca-catequetas.es\\\/index.php\\\/2020\\\/03\\\/09\\\/el-papa-anuncia-para-2022-un-sinodo-de-obispos-sobre-iglesia-y-sinodalidad\\\/\",\"url\":\"https:\\\/\\\/aeca-catequetas.es\\\/index.php\\\/2020\\\/03\\\/09\\\/el-papa-anuncia-para-2022-un-sinodo-de-obispos-sobre-iglesia-y-sinodalidad\\\/\",\"name\":\"El Papa anuncia para 2022 un S\u00ednodo de obispos sobre Iglesia y sinodalidad - Asociaci\u00f3n Espa\u00f1ola de Catequetas\",\"isPartOf\":{\"@id\":\"https:\\\/\\\/aeca-catequetas.es\\\/#website\"},\"primaryImageOfPage\":{\"@id\":\"https:\\\/\\\/aeca-catequetas.es\\\/index.php\\\/2020\\\/03\\\/09\\\/el-papa-anuncia-para-2022-un-sinodo-de-obispos-sobre-iglesia-y-sinodalidad\\\/#primaryimage\"},\"image\":{\"@id\":\"https:\\\/\\\/aeca-catequetas.es\\\/index.php\\\/2020\\\/03\\\/09\\\/el-papa-anuncia-para-2022-un-sinodo-de-obispos-sobre-iglesia-y-sinodalidad\\\/#primaryimage\"},\"thumbnailUrl\":\"https:\\\/\\\/aeca-catequetas.es\\\/wp-content\\\/uploads\\\/2020\\\/03\\\/foto-sinodo.jpeg\",\"datePublished\":\"2020-03-09T17:45:55+00:00\",\"dateModified\":\"2020-03-09T17:50:59+00:00\",\"author\":{\"@id\":\"https:\\\/\\\/aeca-catequetas.es\\\/#\\\/schema\\\/person\\\/510ee7731f0229f7a896e5f62ff53292\"},\"breadcrumb\":{\"@id\":\"https:\\\/\\\/aeca-catequetas.es\\\/index.php\\\/2020\\\/03\\\/09\\\/el-papa-anuncia-para-2022-un-sinodo-de-obispos-sobre-iglesia-y-sinodalidad\\\/#breadcrumb\"},\"inLanguage\":\"es\",\"potentialAction\":[{\"@type\":\"ReadAction\",\"target\":[\"https:\\\/\\\/aeca-catequetas.es\\\/index.php\\\/2020\\\/03\\\/09\\\/el-papa-anuncia-para-2022-un-sinodo-de-obispos-sobre-iglesia-y-sinodalidad\\\/\"]}]},{\"@type\":\"ImageObject\",\"inLanguage\":\"es\",\"@id\":\"https:\\\/\\\/aeca-catequetas.es\\\/index.php\\\/2020\\\/03\\\/09\\\/el-papa-anuncia-para-2022-un-sinodo-de-obispos-sobre-iglesia-y-sinodalidad\\\/#primaryimage\",\"url\":\"https:\\\/\\\/aeca-catequetas.es\\\/wp-content\\\/uploads\\\/2020\\\/03\\\/foto-sinodo.jpeg\",\"contentUrl\":\"https:\\\/\\\/aeca-catequetas.es\\\/wp-content\\\/uploads\\\/2020\\\/03\\\/foto-sinodo.jpeg\",\"width\":750,\"height\":422},{\"@type\":\"BreadcrumbList\",\"@id\":\"https:\\\/\\\/aeca-catequetas.es\\\/index.php\\\/2020\\\/03\\\/09\\\/el-papa-anuncia-para-2022-un-sinodo-de-obispos-sobre-iglesia-y-sinodalidad\\\/#breadcrumb\",\"itemListElement\":[{\"@type\":\"ListItem\",\"position\":1,\"name\":\"Home\",\"item\":\"https:\\\/\\\/aeca-catequetas.es\\\/\"},{\"@type\":\"ListItem\",\"position\":2,\"name\":\"El Papa anuncia para 2022 un S\u00ednodo de obispos sobre Iglesia y sinodalidad\"}]},{\"@type\":\"WebSite\",\"@id\":\"https:\\\/\\\/aeca-catequetas.es\\\/#website\",\"url\":\"https:\\\/\\\/aeca-catequetas.es\\\/\",\"name\":\"Asociaci\u00f3n Espa\u00f1ola de Catequetas\",\"description\":\"Asociaci\u00f3n Espa\u00f1ola de Catequetas\",\"potentialAction\":[{\"@type\":\"SearchAction\",\"target\":{\"@type\":\"EntryPoint\",\"urlTemplate\":\"https:\\\/\\\/aeca-catequetas.es\\\/?s={search_term_string}\"},\"query-input\":{\"@type\":\"PropertyValueSpecification\",\"valueRequired\":true,\"valueName\":\"search_term_string\"}}],\"inLanguage\":\"es\"},{\"@type\":\"Person\",\"@id\":\"https:\\\/\\\/aeca-catequetas.es\\\/#\\\/schema\\\/person\\\/510ee7731f0229f7a896e5f62ff53292\",\"name\":\"webmaster\",\"image\":{\"@type\":\"ImageObject\",\"inLanguage\":\"es\",\"@id\":\"https:\\\/\\\/secure.gravatar.com\\\/avatar\\\/397ca6d635bf8d8d18cf57a1ce24b4240dbb20b43c094e2f61695671478e7a8d?s=96&d=mm&r=g\",\"url\":\"https:\\\/\\\/secure.gravatar.com\\\/avatar\\\/397ca6d635bf8d8d18cf57a1ce24b4240dbb20b43c094e2f61695671478e7a8d?s=96&d=mm&r=g\",\"contentUrl\":\"https:\\\/\\\/secure.gravatar.com\\\/avatar\\\/397ca6d635bf8d8d18cf57a1ce24b4240dbb20b43c094e2f61695671478e7a8d?s=96&d=mm&r=g\",\"caption\":\"webmaster\"},\"url\":\"https:\\\/\\\/aeca-catequetas.es\\\/index.php\\\/author\\\/manuelbru\\\/\"}]}<\/script>\n<!-- \/ Yoast SEO plugin. -->","yoast_head_json":{"title":"El Papa anuncia para 2022 un S\u00ednodo de obispos sobre Iglesia y sinodalidad - Asociaci\u00f3n Espa\u00f1ola de Catequetas","robots":{"index":"index","follow":"follow","max-snippet":"max-snippet:-1","max-image-preview":"max-image-preview:large","max-video-preview":"max-video-preview:-1"},"canonical":"https:\/\/aeca-catequetas.es\/index.php\/2020\/03\/09\/el-papa-anuncia-para-2022-un-sinodo-de-obispos-sobre-iglesia-y-sinodalidad\/","og_locale":"es_ES","og_type":"article","og_title":"El Papa anuncia para 2022 un S\u00ednodo de obispos sobre Iglesia y sinodalidad - Asociaci\u00f3n Espa\u00f1ola de Catequetas","og_description":"En dos a\u00f1os tendr\u00e1 lugar la pr\u00f3xima Asamblea General ordinaria del S\u00ednodo de los Obispos sobre el tema de la sinodalidad. Lo ha anunciado el secretario general del S\u00ednodo, el cardenal Lorenzo Baldisseri Amedeo Lomonaco \u2013 Ciudad del Vaticano.- Vatican News. \u00abPor una Iglesia sinodal: comuni\u00f3n, participaci\u00f3n y misi\u00f3n\u00bb. Este es el tema de la [&hellip;]","og_url":"https:\/\/aeca-catequetas.es\/index.php\/2020\/03\/09\/el-papa-anuncia-para-2022-un-sinodo-de-obispos-sobre-iglesia-y-sinodalidad\/","og_site_name":"Asociaci\u00f3n Espa\u00f1ola de Catequetas","article_published_time":"2020-03-09T17:45:55+00:00","article_modified_time":"2020-03-09T17:50:59+00:00","og_image":[{"width":750,"height":422,"url":"https:\/\/aeca-catequetas.es\/wp-content\/uploads\/2020\/03\/foto-sinodo.jpeg","type":"image\/jpeg"}],"author":"webmaster","twitter_card":"summary_large_image","twitter_misc":{"Escrito por":"webmaster","Tiempo de lectura":"3 minutos"},"schema":{"@context":"https:\/\/schema.org","@graph":[{"@type":"Article","@id":"https:\/\/aeca-catequetas.es\/index.php\/2020\/03\/09\/el-papa-anuncia-para-2022-un-sinodo-de-obispos-sobre-iglesia-y-sinodalidad\/#article","isPartOf":{"@id":"https:\/\/aeca-catequetas.es\/index.php\/2020\/03\/09\/el-papa-anuncia-para-2022-un-sinodo-de-obispos-sobre-iglesia-y-sinodalidad\/"},"author":{"name":"webmaster","@id":"https:\/\/aeca-catequetas.es\/#\/schema\/person\/510ee7731f0229f7a896e5f62ff53292"},"headline":"El Papa anuncia para 2022 un S\u00ednodo de obispos sobre Iglesia y sinodalidad","datePublished":"2020-03-09T17:45:55+00:00","dateModified":"2020-03-09T17:50:59+00:00","mainEntityOfPage":{"@id":"https:\/\/aeca-catequetas.es\/index.php\/2020\/03\/09\/el-papa-anuncia-para-2022-un-sinodo-de-obispos-sobre-iglesia-y-sinodalidad\/"},"wordCount":622,"commentCount":0,"image":{"@id":"https:\/\/aeca-catequetas.es\/index.php\/2020\/03\/09\/el-papa-anuncia-para-2022-un-sinodo-de-obispos-sobre-iglesia-y-sinodalidad\/#primaryimage"},"thumbnailUrl":"https:\/\/aeca-catequetas.es\/wp-content\/uploads\/2020\/03\/foto-sinodo.jpeg","keywords":["Iglesia y sinodalidad","Papa Francisco","S\u00ednodo 2022"],"articleSection":["Noticias"],"inLanguage":"es","potentialAction":[{"@type":"CommentAction","name":"Comment","target":["https:\/\/aeca-catequetas.es\/index.php\/2020\/03\/09\/el-papa-anuncia-para-2022-un-sinodo-de-obispos-sobre-iglesia-y-sinodalidad\/#respond"]}]},{"@type":"WebPage","@id":"https:\/\/aeca-catequetas.es\/index.php\/2020\/03\/09\/el-papa-anuncia-para-2022-un-sinodo-de-obispos-sobre-iglesia-y-sinodalidad\/","url":"https:\/\/aeca-catequetas.es\/index.php\/2020\/03\/09\/el-papa-anuncia-para-2022-un-sinodo-de-obispos-sobre-iglesia-y-sinodalidad\/","name":"El Papa anuncia para 2022 un S\u00ednodo de obispos sobre Iglesia y sinodalidad - Asociaci\u00f3n Espa\u00f1ola de Catequetas","isPartOf":{"@id":"https:\/\/aeca-catequetas.es\/#website"},"primaryImageOfPage":{"@id":"https:\/\/aeca-catequetas.es\/index.php\/2020\/03\/09\/el-papa-anuncia-para-2022-un-sinodo-de-obispos-sobre-iglesia-y-sinodalidad\/#primaryimage"},"image":{"@id":"https:\/\/aeca-catequetas.es\/index.php\/2020\/03\/09\/el-papa-anuncia-para-2022-un-sinodo-de-obispos-sobre-iglesia-y-sinodalidad\/#primaryimage"},"thumbnailUrl":"https:\/\/aeca-catequetas.es\/wp-content\/uploads\/2020\/03\/foto-sinodo.jpeg","datePublished":"2020-03-09T17:45:55+00:00","dateModified":"2020-03-09T17:50:59+00:00","author":{"@id":"https:\/\/aeca-catequetas.es\/#\/schema\/person\/510ee7731f0229f7a896e5f62ff53292"},"breadcrumb":{"@id":"https:\/\/aeca-catequetas.es\/index.php\/2020\/03\/09\/el-papa-anuncia-para-2022-un-sinodo-de-obispos-sobre-iglesia-y-sinodalidad\/#breadcrumb"},"inLanguage":"es","potentialAction":[{"@type":"ReadAction","target":["https:\/\/aeca-catequetas.es\/index.php\/2020\/03\/09\/el-papa-anuncia-para-2022-un-sinodo-de-obispos-sobre-iglesia-y-sinodalidad\/"]}]},{"@type":"ImageObject","inLanguage":"es","@id":"https:\/\/aeca-catequetas.es\/index.php\/2020\/03\/09\/el-papa-anuncia-para-2022-un-sinodo-de-obispos-sobre-iglesia-y-sinodalidad\/#primaryimage","url":"https:\/\/aeca-catequetas.es\/wp-content\/uploads\/2020\/03\/foto-sinodo.jpeg","contentUrl":"https:\/\/aeca-catequetas.es\/wp-content\/uploads\/2020\/03\/foto-sinodo.jpeg","width":750,"height":422},{"@type":"BreadcrumbList","@id":"https:\/\/aeca-catequetas.es\/index.php\/2020\/03\/09\/el-papa-anuncia-para-2022-un-sinodo-de-obispos-sobre-iglesia-y-sinodalidad\/#breadcrumb","itemListElement":[{"@type":"ListItem","position":1,"name":"Home","item":"https:\/\/aeca-catequetas.es\/"},{"@type":"ListItem","position":2,"name":"El Papa anuncia para 2022 un S\u00ednodo de obispos sobre Iglesia y sinodalidad"}]},{"@type":"WebSite","@id":"https:\/\/aeca-catequetas.es\/#website","url":"https:\/\/aeca-catequetas.es\/","name":"Asociaci\u00f3n Espa\u00f1ola de Catequetas","description":"Asociaci\u00f3n Espa\u00f1ola de Catequetas","potentialAction":[{"@type":"SearchAction","target":{"@type":"EntryPoint","urlTemplate":"https:\/\/aeca-catequetas.es\/?s={search_term_string}"},"query-input":{"@type":"PropertyValueSpecification","valueRequired":true,"valueName":"search_term_string"}}],"inLanguage":"es"},{"@type":"Person","@id":"https:\/\/aeca-catequetas.es\/#\/schema\/person\/510ee7731f0229f7a896e5f62ff53292","name":"webmaster","image":{"@type":"ImageObject","inLanguage":"es","@id":"https:\/\/secure.gravatar.com\/avatar\/397ca6d635bf8d8d18cf57a1ce24b4240dbb20b43c094e2f61695671478e7a8d?s=96&d=mm&r=g","url":"https:\/\/secure.gravatar.com\/avatar\/397ca6d635bf8d8d18cf57a1ce24b4240dbb20b43c094e2f61695671478e7a8d?s=96&d=mm&r=g","contentUrl":"https:\/\/secure.gravatar.com\/avatar\/397ca6d635bf8d8d18cf57a1ce24b4240dbb20b43c094e2f61695671478e7a8d?s=96&d=mm&r=g","caption":"webmaster"},"url":"https:\/\/aeca-catequetas.es\/index.php\/author\/manuelbru\/"}]}},"jetpack_featured_media_url":"https:\/\/aeca-catequetas.es\/wp-content\/uploads\/2020\/03\/foto-sinodo.jpeg","_links":{"self":[{"href":"https:\/\/aeca-catequetas.es\/index.php\/wp-json\/wp\/v2\/posts\/497","targetHints":{"allow":["GET"]}}],"collection":[{"href":"https:\/\/aeca-catequetas.es\/index.php\/wp-json\/wp\/v2\/posts"}],"about":[{"href":"https:\/\/aeca-catequetas.es\/index.php\/wp-json\/wp\/v2\/types\/post"}],"author":[{"embeddable":true,"href":"https:\/\/aeca-catequetas.es\/index.php\/wp-json\/wp\/v2\/users\/4"}],"replies":[{"embeddable":true,"href":"https:\/\/aeca-catequetas.es\/index.php\/wp-json\/wp\/v2\/comments?post=497"}],"version-history":[{"count":2,"href":"https:\/\/aeca-catequetas.es\/index.php\/wp-json\/wp\/v2\/posts\/497\/revisions"}],"predecessor-version":[{"id":503,"href":"https:\/\/aeca-catequetas.es\/index.php\/wp-json\/wp\/v2\/posts\/497\/revisions\/503"}],"wp:featuredmedia":[{"embeddable":true,"href":"https:\/\/aeca-catequetas.es\/index.php\/wp-json\/wp\/v2\/media\/498"}],"wp:attachment":[{"href":"https:\/\/aeca-catequetas.es\/index.php\/wp-json\/wp\/v2\/media?parent=497"}],"wp:term":[{"taxonomy":"category","embeddable":true,"href":"https:\/\/aeca-catequetas.es\/index.php\/wp-json\/wp\/v2\/categories?post=497"},{"taxonomy":"post_tag","embeddable":true,"href":"https:\/\/aeca-catequetas.es\/index.php\/wp-json\/wp\/v2\/tags?post=497"}],"curies":[{"name":"wp","href":"https:\/\/api.w.org\/{rel}","templated":true}]}}