{"id":455,"date":"2020-02-12T21:36:43","date_gmt":"2020-02-12T20:36:43","guid":{"rendered":"https:\/\/aeca-catequetas.es\/?p=455"},"modified":"2020-02-12T21:37:04","modified_gmt":"2020-02-12T20:37:04","slug":"exhortacion-apostolica-postsinodal-del-papa-francisco-querida-amazonia","status":"publish","type":"post","link":"https:\/\/aeca-catequetas.es\/index.php\/2020\/02\/12\/exhortacion-apostolica-postsinodal-del-papa-francisco-querida-amazonia\/","title":{"rendered":"EXHORTACI\u00d3N APOST\u00d3LICA POSTSINODAL DEL PAPA FRANCISCO \u00abQUERIDA AMAZONIA\u00bb"},"content":{"rendered":"<p><strong>La Santa Sede ha publicado el mi\u00e9rcoles 12 de febrero de 2020 la exhortaci\u00f3n apost\u00f3lica postsinodal del Papa Francisco \u201cQuerida Amazonia\u201d, documento fruto de la <a href=\"https:\/\/es.zenit.org\/articles\/10-propuestas-clave-en-el-documento-final-del-sinodo\/\">Asamblea Especial del S\u00ednodo de los Obispos<\/a> para la Regi\u00f3n Panamaz\u00f3nica \u201cAmazon\u00eda: Nuevos Caminos para la Iglesia y para una ecolog\u00eda integral\u201d celebrado en el Vaticano del 6 al 27 de octubre de 2019:<\/strong><\/p>\n<p><strong>DESCARGATE EL TEXTO COMPLETO DE LA EXHORTACI\u00d3N APOST\u00d3LICA POSTSINODAL DEL PAPA FRANCISCO \u00abQUERIDA AMAZONIA\u00bb EN PDF: <a href=\"https:\/\/catequesis.archimadrid.es\/wp-content\/uploads\/2020\/02\/Querida-Amazonia.pdf\">Querida-Amazonia<\/a><\/strong><\/p>\n<p><strong><img loading=\"lazy\" decoding=\"async\" class=\" wp-image-7621 alignleft\" src=\"https:\/\/catequesis.archimadrid.es\/wp-content\/uploads\/2020\/02\/Francisco-y-las-mujeres-del-Sinodo_2170293027_14026475_660x371-300x169.jpg\" alt=\"\" width=\"433\" height=\"244\" \/>Especialmente interesante para el mundo de la catequesis, sobre todo para la aportaci\u00f3n de los laicos catequistas, y entre ellos de las mujeres catequistas, y aplicable tambi\u00e9n a otras iglesias particulares como la nuestra y a otros contextos culturales como los nuestros, resulta esta explicaci\u00f3n de la misi\u00f3n de la mujer hoy en la Iglesia amaz\u00f3nica:<\/strong><\/p>\n<div class=\"page\" title=\"Page 26\">\n<div class=\"section\">\n<div class=\"layoutArea\">\n<div class=\"column\">\n<p>&nbsp;<\/p>\n<p><strong>La fuerza y el don de las mujeres (n\u00fameros 99-103):<\/strong><\/p>\n<p>99. En la Amazonia hay comunidades que se han sostenido y han transmitido la fe durante mucho tiempo sin que algu\u0301n sacerdote pasara por alli\u0301, aun durante de\u0301cadas. Esto ocurrio\u0301 gracias a la presencia de mujeres fuertes y generosas: bautizadoras, <strong>catequistas<\/strong>, rezadoras, misioneras, ciertamente llamadas e impulsadas por el Espi\u0301ritu Santo. Durante siglos las mujeres mantuvieron a la Iglesia en pie en esos lugares con admirable entrega y ardiente fe. Ellas mismas, en el Si\u0301nodo, nos conmovieron a todos con su testimonio.<\/p>\n<p>100. Esto nos invita a expandir la mirada para evitar reducir nuestra comprensio\u0301n de la Iglesia a estructuras funcionales. Ese reduccionismo nos llevari\u0301a a pensar que se otorgari\u0301a a las mujeres un status y una participacio\u0301n mayor en la Iglesia so\u0301lo si se les diera acceso al Orden sagrado. Pero esta mirada en realidad limitari\u0301a las perspectivas, nos orientari\u0301a a clericalizar a las mujeres, disminuiri\u0301a el gran valor de lo que ellas ya han dado y provocari\u0301a sutilmente un empobrecimiento de su aporte indispensable.<\/p>\n<p>101. Jesucristo se presenta como Esposo de la comunidad que celebra la Eucaristi\u0301a, a trave\u0301s de la figura de un varo\u0301n que la preside como signo del u\u0301nico Sacerdote. Este dia\u0301logo entre el Esposo y la esposa que se eleva en la adoracio\u0301n y santifica a la comunidad, no deberi\u0301a encerrarnos en planteamientos parciales sobre el poder en la Iglesia. Porque el Sen\u0303or quiso manifestar su poder y su amor a trave\u0301s de dos rostros humanos: el de su Hijo divino hecho hombre y el de una creatura que es mujer, Mari\u0301a. Las mujeres hacen su aporte a la Iglesia segu\u0301n su modo propio y prolongando la fuerza y la ternura de Mari\u0301a, la Madre. De este modo no nos limitamos a un planteamiento funcional, sino que entramos en la estructura i\u0301ntima de la Iglesia. Asi\u0301 comprendemos radicalmente por que\u0301 sin las mujeres ella se derrumba, como se habri\u0301an cai\u0301do a pedazos tantas comunidades de la Amazonia si no hubieran estado alli\u0301 las mujeres, sostenie\u0301ndolas, contenie\u0301ndolas y cuida\u0301ndolas. Esto muestra cua\u0301l es su poder caracteri\u0301stico.<\/p>\n<p>102. No podemos dejar de alentar los dones populares que han dado a las mujeres tanto protagonismo en la Amazonia, aunque hoy las comunidades esta\u0301n sometidas a nuevos riesgos que no existi\u0301an en otras e\u0301pocas. La situacio\u0301n actual nos exige estimular el surgimiento de otros servicios y carismas femeninos, que respondan a las necesidades especi\u0301ficas de los pueblos amazo\u0301nicos en este momento histo\u0301rico.<\/p>\n<p>103. En una Iglesia sinodal las mujeres, que de hecho desempen\u0303an un papel central en las comunidades amazo\u0301nicas, deberi\u0301an poder acceder a funciones e incluso a servicios eclesiales que no requieren el Orden sagrado y permitan expresar mejor su lugar propio. Cabe recordar que estos servicios implican una estabilidad, un reconocimiento pu\u0301blico y el envi\u0301o por parte del obispo. Esto da lugar tambie\u0301n a que las mujeres tengan una incidencia real y efectiva en la organizacio\u0301n, en las decisiones ma\u0301s importantes y en la gui\u0301a de las comunidades, pero sin dejar de hacerlo con el estilo propio de su impronta femenina.<\/p>\n<\/div>\n<\/div>\n<\/div>\n<\/div>\n","protected":false},"excerpt":{"rendered":"<p>La Santa Sede ha publicado el mi\u00e9rcoles 12 de febrero de 2020 la exhortaci\u00f3n apost\u00f3lica postsinodal del Papa Francisco \u201cQuerida Amazonia\u201d, documento fruto de la Asamblea Especial del S\u00ednodo de los Obispos para la Regi\u00f3n Panamaz\u00f3nica \u201cAmazon\u00eda: Nuevos Caminos para la Iglesia y para una ecolog\u00eda integral\u201d celebrado en el Vaticano del 6 al 27 [&hellip;]<\/p>\n","protected":false},"author":4,"featured_media":456,"comment_status":"open","ping_status":"open","sticky":false,"template":"","format":"standard","meta":{"_et_pb_use_builder":"","_et_pb_old_content":"","_et_gb_content_width":"","footnotes":""},"categories":[3],"tags":[110,42,111],"class_list":["post-455","post","type-post","status-publish","format-standard","has-post-thumbnail","hentry","category-noticias","tag-exhortacion-apostolica-postsinodal","tag-papa-francisco","tag-querida-amazonia","et-has-post-format-content","et_post_format-et-post-format-standard"],"yoast_head":"<!-- This site is optimized with the Yoast SEO plugin v27.5 - https:\/\/yoast.com\/product\/yoast-seo-wordpress\/ -->\n<title>EXHORTACI\u00d3N APOST\u00d3LICA POSTSINODAL DEL PAPA FRANCISCO &quot;QUERIDA AMAZONIA&quot; - Asociaci\u00f3n Espa\u00f1ola de Catequetas<\/title>\n<meta name=\"robots\" content=\"index, follow, max-snippet:-1, max-image-preview:large, max-video-preview:-1\" \/>\n<link rel=\"canonical\" href=\"https:\/\/aeca-catequetas.es\/index.php\/2020\/02\/12\/exhortacion-apostolica-postsinodal-del-papa-francisco-querida-amazonia\/\" \/>\n<meta property=\"og:locale\" content=\"es_ES\" \/>\n<meta property=\"og:type\" content=\"article\" \/>\n<meta property=\"og:title\" content=\"EXHORTACI\u00d3N APOST\u00d3LICA POSTSINODAL DEL PAPA FRANCISCO &quot;QUERIDA AMAZONIA&quot; - Asociaci\u00f3n Espa\u00f1ola de Catequetas\" \/>\n<meta property=\"og:description\" content=\"La Santa Sede ha publicado el mi\u00e9rcoles 12 de febrero de 2020 la exhortaci\u00f3n apost\u00f3lica postsinodal del Papa Francisco \u201cQuerida Amazonia\u201d, documento fruto de la Asamblea Especial del S\u00ednodo de los Obispos para la Regi\u00f3n Panamaz\u00f3nica \u201cAmazon\u00eda: Nuevos Caminos para la Iglesia y para una ecolog\u00eda integral\u201d celebrado en el Vaticano del 6 al 27 [&hellip;]\" \/>\n<meta property=\"og:url\" content=\"https:\/\/aeca-catequetas.es\/index.php\/2020\/02\/12\/exhortacion-apostolica-postsinodal-del-papa-francisco-querida-amazonia\/\" \/>\n<meta property=\"og:site_name\" content=\"Asociaci\u00f3n Espa\u00f1ola de Catequetas\" \/>\n<meta property=\"article:published_time\" content=\"2020-02-12T20:36:43+00:00\" \/>\n<meta property=\"article:modified_time\" content=\"2020-02-12T20:37:04+00:00\" \/>\n<meta property=\"og:image\" content=\"https:\/\/aeca-catequetas.es\/wp-content\/uploads\/2020\/02\/indigenas-1024x682.jpg\" \/>\n\t<meta property=\"og:image:width\" content=\"1024\" \/>\n\t<meta property=\"og:image:height\" content=\"682\" \/>\n\t<meta property=\"og:image:type\" content=\"image\/jpeg\" \/>\n<meta name=\"author\" content=\"webmaster\" \/>\n<meta name=\"twitter:card\" content=\"summary_large_image\" \/>\n<meta name=\"twitter:label1\" content=\"Escrito por\" \/>\n\t<meta name=\"twitter:data1\" content=\"webmaster\" \/>\n\t<meta name=\"twitter:label2\" content=\"Tiempo de lectura\" \/>\n\t<meta name=\"twitter:data2\" content=\"4 minutos\" \/>\n<script type=\"application\/ld+json\" class=\"yoast-schema-graph\">{\"@context\":\"https:\\\/\\\/schema.org\",\"@graph\":[{\"@type\":\"Article\",\"@id\":\"https:\\\/\\\/aeca-catequetas.es\\\/index.php\\\/2020\\\/02\\\/12\\\/exhortacion-apostolica-postsinodal-del-papa-francisco-querida-amazonia\\\/#article\",\"isPartOf\":{\"@id\":\"https:\\\/\\\/aeca-catequetas.es\\\/index.php\\\/2020\\\/02\\\/12\\\/exhortacion-apostolica-postsinodal-del-papa-francisco-querida-amazonia\\\/\"},\"author\":{\"name\":\"webmaster\",\"@id\":\"https:\\\/\\\/aeca-catequetas.es\\\/#\\\/schema\\\/person\\\/510ee7731f0229f7a896e5f62ff53292\"},\"headline\":\"EXHORTACI\u00d3N APOST\u00d3LICA POSTSINODAL DEL PAPA FRANCISCO \u00abQUERIDA AMAZONIA\u00bb\",\"datePublished\":\"2020-02-12T20:36:43+00:00\",\"dateModified\":\"2020-02-12T20:37:04+00:00\",\"mainEntityOfPage\":{\"@id\":\"https:\\\/\\\/aeca-catequetas.es\\\/index.php\\\/2020\\\/02\\\/12\\\/exhortacion-apostolica-postsinodal-del-papa-francisco-querida-amazonia\\\/\"},\"wordCount\":713,\"commentCount\":0,\"image\":{\"@id\":\"https:\\\/\\\/aeca-catequetas.es\\\/index.php\\\/2020\\\/02\\\/12\\\/exhortacion-apostolica-postsinodal-del-papa-francisco-querida-amazonia\\\/#primaryimage\"},\"thumbnailUrl\":\"https:\\\/\\\/aeca-catequetas.es\\\/wp-content\\\/uploads\\\/2020\\\/02\\\/indigenas.jpg\",\"keywords\":[\"EXHORTACI\u00d3N APOST\u00d3LICA POSTSINODAL\",\"Papa Francisco\",\"QUERIDA AMAZONIA\"],\"articleSection\":[\"Noticias\"],\"inLanguage\":\"es\",\"potentialAction\":[{\"@type\":\"CommentAction\",\"name\":\"Comment\",\"target\":[\"https:\\\/\\\/aeca-catequetas.es\\\/index.php\\\/2020\\\/02\\\/12\\\/exhortacion-apostolica-postsinodal-del-papa-francisco-querida-amazonia\\\/#respond\"]}]},{\"@type\":\"WebPage\",\"@id\":\"https:\\\/\\\/aeca-catequetas.es\\\/index.php\\\/2020\\\/02\\\/12\\\/exhortacion-apostolica-postsinodal-del-papa-francisco-querida-amazonia\\\/\",\"url\":\"https:\\\/\\\/aeca-catequetas.es\\\/index.php\\\/2020\\\/02\\\/12\\\/exhortacion-apostolica-postsinodal-del-papa-francisco-querida-amazonia\\\/\",\"name\":\"EXHORTACI\u00d3N APOST\u00d3LICA POSTSINODAL DEL PAPA FRANCISCO \\\"QUERIDA AMAZONIA\\\" - Asociaci\u00f3n Espa\u00f1ola de Catequetas\",\"isPartOf\":{\"@id\":\"https:\\\/\\\/aeca-catequetas.es\\\/#website\"},\"primaryImageOfPage\":{\"@id\":\"https:\\\/\\\/aeca-catequetas.es\\\/index.php\\\/2020\\\/02\\\/12\\\/exhortacion-apostolica-postsinodal-del-papa-francisco-querida-amazonia\\\/#primaryimage\"},\"image\":{\"@id\":\"https:\\\/\\\/aeca-catequetas.es\\\/index.php\\\/2020\\\/02\\\/12\\\/exhortacion-apostolica-postsinodal-del-papa-francisco-querida-amazonia\\\/#primaryimage\"},\"thumbnailUrl\":\"https:\\\/\\\/aeca-catequetas.es\\\/wp-content\\\/uploads\\\/2020\\\/02\\\/indigenas.jpg\",\"datePublished\":\"2020-02-12T20:36:43+00:00\",\"dateModified\":\"2020-02-12T20:37:04+00:00\",\"author\":{\"@id\":\"https:\\\/\\\/aeca-catequetas.es\\\/#\\\/schema\\\/person\\\/510ee7731f0229f7a896e5f62ff53292\"},\"breadcrumb\":{\"@id\":\"https:\\\/\\\/aeca-catequetas.es\\\/index.php\\\/2020\\\/02\\\/12\\\/exhortacion-apostolica-postsinodal-del-papa-francisco-querida-amazonia\\\/#breadcrumb\"},\"inLanguage\":\"es\",\"potentialAction\":[{\"@type\":\"ReadAction\",\"target\":[\"https:\\\/\\\/aeca-catequetas.es\\\/index.php\\\/2020\\\/02\\\/12\\\/exhortacion-apostolica-postsinodal-del-papa-francisco-querida-amazonia\\\/\"]}]},{\"@type\":\"ImageObject\",\"inLanguage\":\"es\",\"@id\":\"https:\\\/\\\/aeca-catequetas.es\\\/index.php\\\/2020\\\/02\\\/12\\\/exhortacion-apostolica-postsinodal-del-papa-francisco-querida-amazonia\\\/#primaryimage\",\"url\":\"https:\\\/\\\/aeca-catequetas.es\\\/wp-content\\\/uploads\\\/2020\\\/02\\\/indigenas.jpg\",\"contentUrl\":\"https:\\\/\\\/aeca-catequetas.es\\\/wp-content\\\/uploads\\\/2020\\\/02\\\/indigenas.jpg\",\"width\":2000,\"height\":1333,\"caption\":\"SS Francesco\"},{\"@type\":\"BreadcrumbList\",\"@id\":\"https:\\\/\\\/aeca-catequetas.es\\\/index.php\\\/2020\\\/02\\\/12\\\/exhortacion-apostolica-postsinodal-del-papa-francisco-querida-amazonia\\\/#breadcrumb\",\"itemListElement\":[{\"@type\":\"ListItem\",\"position\":1,\"name\":\"Home\",\"item\":\"https:\\\/\\\/aeca-catequetas.es\\\/\"},{\"@type\":\"ListItem\",\"position\":2,\"name\":\"EXHORTACI\u00d3N APOST\u00d3LICA POSTSINODAL DEL PAPA FRANCISCO \u00abQUERIDA AMAZONIA\u00bb\"}]},{\"@type\":\"WebSite\",\"@id\":\"https:\\\/\\\/aeca-catequetas.es\\\/#website\",\"url\":\"https:\\\/\\\/aeca-catequetas.es\\\/\",\"name\":\"Asociaci\u00f3n Espa\u00f1ola de Catequetas\",\"description\":\"Asociaci\u00f3n Espa\u00f1ola de Catequetas\",\"potentialAction\":[{\"@type\":\"SearchAction\",\"target\":{\"@type\":\"EntryPoint\",\"urlTemplate\":\"https:\\\/\\\/aeca-catequetas.es\\\/?s={search_term_string}\"},\"query-input\":{\"@type\":\"PropertyValueSpecification\",\"valueRequired\":true,\"valueName\":\"search_term_string\"}}],\"inLanguage\":\"es\"},{\"@type\":\"Person\",\"@id\":\"https:\\\/\\\/aeca-catequetas.es\\\/#\\\/schema\\\/person\\\/510ee7731f0229f7a896e5f62ff53292\",\"name\":\"webmaster\",\"image\":{\"@type\":\"ImageObject\",\"inLanguage\":\"es\",\"@id\":\"https:\\\/\\\/secure.gravatar.com\\\/avatar\\\/397ca6d635bf8d8d18cf57a1ce24b4240dbb20b43c094e2f61695671478e7a8d?s=96&d=mm&r=g\",\"url\":\"https:\\\/\\\/secure.gravatar.com\\\/avatar\\\/397ca6d635bf8d8d18cf57a1ce24b4240dbb20b43c094e2f61695671478e7a8d?s=96&d=mm&r=g\",\"contentUrl\":\"https:\\\/\\\/secure.gravatar.com\\\/avatar\\\/397ca6d635bf8d8d18cf57a1ce24b4240dbb20b43c094e2f61695671478e7a8d?s=96&d=mm&r=g\",\"caption\":\"webmaster\"},\"url\":\"https:\\\/\\\/aeca-catequetas.es\\\/index.php\\\/author\\\/manuelbru\\\/\"}]}<\/script>\n<!-- \/ Yoast SEO plugin. -->","yoast_head_json":{"title":"EXHORTACI\u00d3N APOST\u00d3LICA POSTSINODAL DEL PAPA FRANCISCO \"QUERIDA AMAZONIA\" - Asociaci\u00f3n Espa\u00f1ola de Catequetas","robots":{"index":"index","follow":"follow","max-snippet":"max-snippet:-1","max-image-preview":"max-image-preview:large","max-video-preview":"max-video-preview:-1"},"canonical":"https:\/\/aeca-catequetas.es\/index.php\/2020\/02\/12\/exhortacion-apostolica-postsinodal-del-papa-francisco-querida-amazonia\/","og_locale":"es_ES","og_type":"article","og_title":"EXHORTACI\u00d3N APOST\u00d3LICA POSTSINODAL DEL PAPA FRANCISCO \"QUERIDA AMAZONIA\" - Asociaci\u00f3n Espa\u00f1ola de Catequetas","og_description":"La Santa Sede ha publicado el mi\u00e9rcoles 12 de febrero de 2020 la exhortaci\u00f3n apost\u00f3lica postsinodal del Papa Francisco \u201cQuerida Amazonia\u201d, documento fruto de la Asamblea Especial del S\u00ednodo de los Obispos para la Regi\u00f3n Panamaz\u00f3nica \u201cAmazon\u00eda: Nuevos Caminos para la Iglesia y para una ecolog\u00eda integral\u201d celebrado en el Vaticano del 6 al 27 [&hellip;]","og_url":"https:\/\/aeca-catequetas.es\/index.php\/2020\/02\/12\/exhortacion-apostolica-postsinodal-del-papa-francisco-querida-amazonia\/","og_site_name":"Asociaci\u00f3n Espa\u00f1ola de Catequetas","article_published_time":"2020-02-12T20:36:43+00:00","article_modified_time":"2020-02-12T20:37:04+00:00","og_image":[{"width":1024,"height":682,"url":"https:\/\/aeca-catequetas.es\/wp-content\/uploads\/2020\/02\/indigenas-1024x682.jpg","type":"image\/jpeg"}],"author":"webmaster","twitter_card":"summary_large_image","twitter_misc":{"Escrito por":"webmaster","Tiempo de lectura":"4 minutos"},"schema":{"@context":"https:\/\/schema.org","@graph":[{"@type":"Article","@id":"https:\/\/aeca-catequetas.es\/index.php\/2020\/02\/12\/exhortacion-apostolica-postsinodal-del-papa-francisco-querida-amazonia\/#article","isPartOf":{"@id":"https:\/\/aeca-catequetas.es\/index.php\/2020\/02\/12\/exhortacion-apostolica-postsinodal-del-papa-francisco-querida-amazonia\/"},"author":{"name":"webmaster","@id":"https:\/\/aeca-catequetas.es\/#\/schema\/person\/510ee7731f0229f7a896e5f62ff53292"},"headline":"EXHORTACI\u00d3N APOST\u00d3LICA POSTSINODAL DEL PAPA FRANCISCO \u00abQUERIDA AMAZONIA\u00bb","datePublished":"2020-02-12T20:36:43+00:00","dateModified":"2020-02-12T20:37:04+00:00","mainEntityOfPage":{"@id":"https:\/\/aeca-catequetas.es\/index.php\/2020\/02\/12\/exhortacion-apostolica-postsinodal-del-papa-francisco-querida-amazonia\/"},"wordCount":713,"commentCount":0,"image":{"@id":"https:\/\/aeca-catequetas.es\/index.php\/2020\/02\/12\/exhortacion-apostolica-postsinodal-del-papa-francisco-querida-amazonia\/#primaryimage"},"thumbnailUrl":"https:\/\/aeca-catequetas.es\/wp-content\/uploads\/2020\/02\/indigenas.jpg","keywords":["EXHORTACI\u00d3N APOST\u00d3LICA POSTSINODAL","Papa Francisco","QUERIDA AMAZONIA"],"articleSection":["Noticias"],"inLanguage":"es","potentialAction":[{"@type":"CommentAction","name":"Comment","target":["https:\/\/aeca-catequetas.es\/index.php\/2020\/02\/12\/exhortacion-apostolica-postsinodal-del-papa-francisco-querida-amazonia\/#respond"]}]},{"@type":"WebPage","@id":"https:\/\/aeca-catequetas.es\/index.php\/2020\/02\/12\/exhortacion-apostolica-postsinodal-del-papa-francisco-querida-amazonia\/","url":"https:\/\/aeca-catequetas.es\/index.php\/2020\/02\/12\/exhortacion-apostolica-postsinodal-del-papa-francisco-querida-amazonia\/","name":"EXHORTACI\u00d3N APOST\u00d3LICA POSTSINODAL DEL PAPA FRANCISCO \"QUERIDA AMAZONIA\" - Asociaci\u00f3n Espa\u00f1ola de Catequetas","isPartOf":{"@id":"https:\/\/aeca-catequetas.es\/#website"},"primaryImageOfPage":{"@id":"https:\/\/aeca-catequetas.es\/index.php\/2020\/02\/12\/exhortacion-apostolica-postsinodal-del-papa-francisco-querida-amazonia\/#primaryimage"},"image":{"@id":"https:\/\/aeca-catequetas.es\/index.php\/2020\/02\/12\/exhortacion-apostolica-postsinodal-del-papa-francisco-querida-amazonia\/#primaryimage"},"thumbnailUrl":"https:\/\/aeca-catequetas.es\/wp-content\/uploads\/2020\/02\/indigenas.jpg","datePublished":"2020-02-12T20:36:43+00:00","dateModified":"2020-02-12T20:37:04+00:00","author":{"@id":"https:\/\/aeca-catequetas.es\/#\/schema\/person\/510ee7731f0229f7a896e5f62ff53292"},"breadcrumb":{"@id":"https:\/\/aeca-catequetas.es\/index.php\/2020\/02\/12\/exhortacion-apostolica-postsinodal-del-papa-francisco-querida-amazonia\/#breadcrumb"},"inLanguage":"es","potentialAction":[{"@type":"ReadAction","target":["https:\/\/aeca-catequetas.es\/index.php\/2020\/02\/12\/exhortacion-apostolica-postsinodal-del-papa-francisco-querida-amazonia\/"]}]},{"@type":"ImageObject","inLanguage":"es","@id":"https:\/\/aeca-catequetas.es\/index.php\/2020\/02\/12\/exhortacion-apostolica-postsinodal-del-papa-francisco-querida-amazonia\/#primaryimage","url":"https:\/\/aeca-catequetas.es\/wp-content\/uploads\/2020\/02\/indigenas.jpg","contentUrl":"https:\/\/aeca-catequetas.es\/wp-content\/uploads\/2020\/02\/indigenas.jpg","width":2000,"height":1333,"caption":"SS Francesco"},{"@type":"BreadcrumbList","@id":"https:\/\/aeca-catequetas.es\/index.php\/2020\/02\/12\/exhortacion-apostolica-postsinodal-del-papa-francisco-querida-amazonia\/#breadcrumb","itemListElement":[{"@type":"ListItem","position":1,"name":"Home","item":"https:\/\/aeca-catequetas.es\/"},{"@type":"ListItem","position":2,"name":"EXHORTACI\u00d3N APOST\u00d3LICA POSTSINODAL DEL PAPA FRANCISCO \u00abQUERIDA AMAZONIA\u00bb"}]},{"@type":"WebSite","@id":"https:\/\/aeca-catequetas.es\/#website","url":"https:\/\/aeca-catequetas.es\/","name":"Asociaci\u00f3n Espa\u00f1ola de Catequetas","description":"Asociaci\u00f3n Espa\u00f1ola de Catequetas","potentialAction":[{"@type":"SearchAction","target":{"@type":"EntryPoint","urlTemplate":"https:\/\/aeca-catequetas.es\/?s={search_term_string}"},"query-input":{"@type":"PropertyValueSpecification","valueRequired":true,"valueName":"search_term_string"}}],"inLanguage":"es"},{"@type":"Person","@id":"https:\/\/aeca-catequetas.es\/#\/schema\/person\/510ee7731f0229f7a896e5f62ff53292","name":"webmaster","image":{"@type":"ImageObject","inLanguage":"es","@id":"https:\/\/secure.gravatar.com\/avatar\/397ca6d635bf8d8d18cf57a1ce24b4240dbb20b43c094e2f61695671478e7a8d?s=96&d=mm&r=g","url":"https:\/\/secure.gravatar.com\/avatar\/397ca6d635bf8d8d18cf57a1ce24b4240dbb20b43c094e2f61695671478e7a8d?s=96&d=mm&r=g","contentUrl":"https:\/\/secure.gravatar.com\/avatar\/397ca6d635bf8d8d18cf57a1ce24b4240dbb20b43c094e2f61695671478e7a8d?s=96&d=mm&r=g","caption":"webmaster"},"url":"https:\/\/aeca-catequetas.es\/index.php\/author\/manuelbru\/"}]}},"jetpack_featured_media_url":"https:\/\/aeca-catequetas.es\/wp-content\/uploads\/2020\/02\/indigenas.jpg","_links":{"self":[{"href":"https:\/\/aeca-catequetas.es\/index.php\/wp-json\/wp\/v2\/posts\/455","targetHints":{"allow":["GET"]}}],"collection":[{"href":"https:\/\/aeca-catequetas.es\/index.php\/wp-json\/wp\/v2\/posts"}],"about":[{"href":"https:\/\/aeca-catequetas.es\/index.php\/wp-json\/wp\/v2\/types\/post"}],"author":[{"embeddable":true,"href":"https:\/\/aeca-catequetas.es\/index.php\/wp-json\/wp\/v2\/users\/4"}],"replies":[{"embeddable":true,"href":"https:\/\/aeca-catequetas.es\/index.php\/wp-json\/wp\/v2\/comments?post=455"}],"version-history":[{"count":2,"href":"https:\/\/aeca-catequetas.es\/index.php\/wp-json\/wp\/v2\/posts\/455\/revisions"}],"predecessor-version":[{"id":458,"href":"https:\/\/aeca-catequetas.es\/index.php\/wp-json\/wp\/v2\/posts\/455\/revisions\/458"}],"wp:featuredmedia":[{"embeddable":true,"href":"https:\/\/aeca-catequetas.es\/index.php\/wp-json\/wp\/v2\/media\/456"}],"wp:attachment":[{"href":"https:\/\/aeca-catequetas.es\/index.php\/wp-json\/wp\/v2\/media?parent=455"}],"wp:term":[{"taxonomy":"category","embeddable":true,"href":"https:\/\/aeca-catequetas.es\/index.php\/wp-json\/wp\/v2\/categories?post=455"},{"taxonomy":"post_tag","embeddable":true,"href":"https:\/\/aeca-catequetas.es\/index.php\/wp-json\/wp\/v2\/tags?post=455"}],"curies":[{"name":"wp","href":"https:\/\/api.w.org\/{rel}","templated":true}]}}