{"id":450,"date":"2020-01-20T21:26:00","date_gmt":"2020-01-20T20:26:00","guid":{"rendered":"https:\/\/aeca-catequetas.es\/?p=450"},"modified":"2020-01-20T21:26:00","modified_gmt":"2020-01-20T20:26:00","slug":"domingo-de-la-palabra-de-dios-no-dejar-empolvar-la-biblia-como-uno-de-tantos-libros","status":"publish","type":"post","link":"https:\/\/aeca-catequetas.es\/index.php\/2020\/01\/20\/domingo-de-la-palabra-de-dios-no-dejar-empolvar-la-biblia-como-uno-de-tantos-libros\/","title":{"rendered":"DOMINGO DE LA PALABRA DE DIOS: NO DEJAR EMPOLVAR LA BIBLIA COMO UNO DE TANTOS LIBROS"},"content":{"rendered":"<div class=\"article__subTitle\"><img loading=\"lazy\" decoding=\"async\" class=\"size-medium wp-image-451 alignleft\" src=\"https:\/\/aeca-catequetas.es\/wp-content\/uploads\/2020\/01\/domingodelapalabradeDios-300x169.jpeg\" alt=\"\" width=\"300\" height=\"169\" srcset=\"https:\/\/aeca-catequetas.es\/wp-content\/uploads\/2020\/01\/domingodelapalabradeDios-300x169.jpeg 300w, https:\/\/aeca-catequetas.es\/wp-content\/uploads\/2020\/01\/domingodelapalabradeDios-768x432.jpeg 768w, https:\/\/aeca-catequetas.es\/wp-content\/uploads\/2020\/01\/domingodelapalabradeDios.jpeg 1000w\" sizes=\"(max-width: 300px) 100vw, 300px\" \/>Tuvo lugar el pasado viernes, 17 de enero, en la Oficina de Prensa de la Santa Sede, la conferencia de presentaci\u00f3n del Primer Domingo de la Palabra de Dios, a celebrarse el pr\u00f3ximo domingo 26 de enero de 2020.<\/div>\n<div class=\"article__text\">\n<p><b>Renato Martinez \u2013 Ciudad del Vaticano.\u00a0<\/b>\u201cEl Domingo de la Palabra de Dios puede ser esa capacidad del pueblo de comprender la Sagrada Escritura, porque no es s\u00f3lo un libro es una Palabra, es algo vivo, es algo que toca nuestra vida. Y por eso en la liturgia, en todo lo que expresa la vida de la comunidad cristiana, la Palabra de Dios es un momento de unidad, es un momento en el cual damos la fuerza necesaria para la evangelizaci\u00f3n\u201d, lo dijo Monse\u00f1or Rino Fisichella, Presidente del Consejo Pontificio para la Promoci\u00f3n de la Nueva Evangelizaci\u00f3n\u00a0durante la\u00a0<a href=\"https:\/\/press.vatican.va\/content\/salastampa\/es\/bollettino\/pubblico\/2020\/01\/17\/confi.html\" rel=\"external nofollow\">conferencia de presentaci\u00f3n del Primer Domingo de la Palabra de Dios<\/a>, a celebrarse el pr\u00f3ximo domingo 26 de enero de 2020.<\/p>\n<h2><b>26 DE ENERO: PRIMER DOMINGO DE LA PALABRA DE DIOS<\/b><\/h2>\n<p>En su intervenci\u00f3n, el Presidente del Consejo Pontificio para la Promoci\u00f3n de la Nueva Evangelizaci\u00f3n\u00a0dijo que, el Domingo de la Palabra de Dios es una iniciativa que el Papa Francisco conf\u00eda a toda la Iglesia para que, \u201cla comunidad cristiana se centra en el gran valor que la Palabra de Dios ocupa en su existencia cotidiana\u201d (<i>Aperuit illis<\/i>\u00a02). El 30 de septiembre pasado, durante el 1600 aniversario de la muerte de San Jer\u00f3nimo, gran estudioso de la Sagrada Escritura y traductor de los textos originales al lat\u00edn, el Papa Francisco hac\u00eda p\u00fablica la Carta Apost\u00f3lica\u00a0<i>Aperuit illis<\/i>\u00a0con la que institu\u00eda este\u00a0Domingo.<\/p>\n<h2><b><img loading=\"lazy\" decoding=\"async\" class=\"size-medium wp-image-7357 alignleft\" src=\"https:\/\/i2.wp.com\/catequesis.archimadrid.es\/wp-content\/uploads\/2020\/01\/Ano-Palabra-Dios_2172692729_14049233_667x375.png?resize=300%2C169&amp;ssl=1\" sizes=\"(max-width: 300px) 100vw, 300px\" srcset=\"https:\/\/i2.wp.com\/catequesis.archimadrid.es\/wp-content\/uploads\/2020\/01\/Ano-Palabra-Dios_2172692729_14049233_667x375.png?resize=300%2C169&amp;ssl=1 300w, https:\/\/i2.wp.com\/catequesis.archimadrid.es\/wp-content\/uploads\/2020\/01\/Ano-Palabra-Dios_2172692729_14049233_667x375.png?resize=600%2C337&amp;ssl=1 600w, https:\/\/i2.wp.com\/catequesis.archimadrid.es\/wp-content\/uploads\/2020\/01\/Ano-Palabra-Dios_2172692729_14049233_667x375.png?w=667&amp;ssl=1 667w\" alt=\"\" width=\"300\" height=\"169\" data-attachment-id=\"7357\" data-permalink=\"https:\/\/catequesis.archimadrid.es\/domingo-de-la-palabra-de-dios-no-dejar-empolvar-la-biblia-como-uno-de-tantos-libros\/ano-palabra-dios_2172692729_14049233_667x375\/\" data-orig-file=\"https:\/\/i2.wp.com\/catequesis.archimadrid.es\/wp-content\/uploads\/2020\/01\/Ano-Palabra-Dios_2172692729_14049233_667x375.png?fit=667%2C375&amp;ssl=1\" data-orig-size=\"667,375\" data-comments-opened=\"1\" data-image-meta=\"{&quot;aperture&quot;:&quot;0&quot;,&quot;credit&quot;:&quot;&quot;,&quot;camera&quot;:&quot;&quot;,&quot;caption&quot;:&quot;&quot;,&quot;created_timestamp&quot;:&quot;0&quot;,&quot;copyright&quot;:&quot;&quot;,&quot;focal_length&quot;:&quot;0&quot;,&quot;iso&quot;:&quot;0&quot;,&quot;shutter_speed&quot;:&quot;0&quot;,&quot;title&quot;:&quot;&quot;,&quot;orientation&quot;:&quot;0&quot;}\" data-image-title=\"Ano-Palabra-Dios_2172692729_14049233_667x375\" data-image-description=\"\" data-medium-file=\"https:\/\/i2.wp.com\/catequesis.archimadrid.es\/wp-content\/uploads\/2020\/01\/Ano-Palabra-Dios_2172692729_14049233_667x375.png?fit=300%2C169&amp;ssl=1\" data-large-file=\"https:\/\/i2.wp.com\/catequesis.archimadrid.es\/wp-content\/uploads\/2020\/01\/Ano-Palabra-Dios_2172692729_14049233_667x375.png?fit=667%2C375&amp;ssl=1\" \/>DIVERSAS INICIATIVAS PASTORALES EN EL MUNDO<\/b><\/h2>\n<p>Asimismo, Monse\u00f1or Fisichella record\u00f3 que, al concluir el Jubileo de la Misericordia, en la Carta Apost\u00f3lica\u00a0<i>Misericordia et misera<\/i>, el Santo Padre ya hab\u00eda hecho una alusi\u00f3n a esta celebraci\u00f3n. De hecho, tras el Concilio Vaticano II con la\u00a0<i>Dei Verbum<\/i>, y el S\u00ednodo sobre la Palabra de Dios (2008) con la Exhortaci\u00f3n Apost\u00f3lica\u00a0<i>Verbum Domini<\/i>, se han llevado a cabo muchas iniciativas pastorales diferentes en el mundo con el fin de poner en el centro el conocimiento, la difusi\u00f3n, la reflexi\u00f3n y el estudio de la Sagrada Escritura. Por eso el Papa\u00a0ha querido \u201cresponder a las numerosas peticiones del pueblo de Dios, para que en toda la Iglesia se pueda celebrar con un mismo prop\u00f3sito el domingo de la Palabra de Dios\u201d. Este\u00a0Domingo de la Palabra de Dios\u00a0es, por tanto, afirm\u00f3 Monse\u00f1or Fisichella, una iniciativa pastoral de \u00a0Nueva Evangelizaci\u00f3n, con el fin de reavivar la responsabilidad que los creyentes tienen en el conocimiento de la Sagrada Escritura y en mantenerla viva mediante un trabajo de transmisi\u00f3n y comprensi\u00f3n permanente, capaz de dar sentido a la vida de la Iglesia en las diversas condiciones en las que se encuentra.<\/p>\n<h2><b>UN PASO M\u00c1S EN EL DI\u00c1LOGO ECUM\u00c9NICO<\/b><\/h2>\n<p>Adem\u00e1s, el Presidente del Consejo Pontificio para la Promoci\u00f3n de la Nueva Evangelizaci\u00f3n\u00a0 se\u00f1al\u00f3 que, \u201ctampoco puede pasar desapercibido el gran valor ecum\u00e9nico que posee este Domingo\u201d. El Papa Francisco ha establecido que se celebre siempre el\u00a0III Domingo del Tiempo Ordinario del a\u00f1o lit\u00fargico, este a\u00f1o cae cerca del\u00a0D\u00eda del Di\u00e1logo entre jud\u00edos y cat\u00f3licos\u00a0y de la\u00a0Semana de Oraci\u00f3n por la Unidad de los Cristianos. \u201cNo se trata, pues, de una mera coincidencia temporal, sino de una elecci\u00f3n que pretende marcar un paso m\u00e1s en el di\u00e1logo ecum\u00e9nico, situando a la Palabra de Dios en el centro mismo del compromiso que los cristianos est\u00e1n llamados a asumir cada d\u00eda\u201d.<\/p>\n<h2><b><img loading=\"lazy\" decoding=\"async\" class=\"size-medium wp-image-7358 alignleft\" src=\"https:\/\/i0.wp.com\/catequesis.archimadrid.es\/wp-content\/uploads\/2020\/01\/pascua-1.png?resize=300%2C186&amp;ssl=1\" sizes=\"(max-width: 300px) 100vw, 300px\" srcset=\"https:\/\/i0.wp.com\/catequesis.archimadrid.es\/wp-content\/uploads\/2020\/01\/pascua-1.png?resize=300%2C186&amp;ssl=1 300w, https:\/\/i0.wp.com\/catequesis.archimadrid.es\/wp-content\/uploads\/2020\/01\/pascua-1.png?resize=768%2C476&amp;ssl=1 768w, https:\/\/i0.wp.com\/catequesis.archimadrid.es\/wp-content\/uploads\/2020\/01\/pascua-1.png?resize=600%2C372&amp;ssl=1 600w, https:\/\/i0.wp.com\/catequesis.archimadrid.es\/wp-content\/uploads\/2020\/01\/pascua-1.png?w=832&amp;ssl=1 832w\" alt=\"\" width=\"300\" height=\"186\" data-attachment-id=\"7358\" data-permalink=\"https:\/\/catequesis.archimadrid.es\/domingo-de-la-palabra-de-dios-no-dejar-empolvar-la-biblia-como-uno-de-tantos-libros\/pascua-1\/\" data-orig-file=\"https:\/\/i0.wp.com\/catequesis.archimadrid.es\/wp-content\/uploads\/2020\/01\/pascua-1.png?fit=832%2C516&amp;ssl=1\" data-orig-size=\"832,516\" data-comments-opened=\"1\" data-image-meta=\"{&quot;aperture&quot;:&quot;0&quot;,&quot;credit&quot;:&quot;&quot;,&quot;camera&quot;:&quot;&quot;,&quot;caption&quot;:&quot;&quot;,&quot;created_timestamp&quot;:&quot;0&quot;,&quot;copyright&quot;:&quot;&quot;,&quot;focal_length&quot;:&quot;0&quot;,&quot;iso&quot;:&quot;0&quot;,&quot;shutter_speed&quot;:&quot;0&quot;,&quot;title&quot;:&quot;&quot;,&quot;orientation&quot;:&quot;0&quot;}\" data-image-title=\"pascua-1\" data-image-description=\"\" data-medium-file=\"https:\/\/i0.wp.com\/catequesis.archimadrid.es\/wp-content\/uploads\/2020\/01\/pascua-1.png?fit=300%2C186&amp;ssl=1\" data-large-file=\"https:\/\/i0.wp.com\/catequesis.archimadrid.es\/wp-content\/uploads\/2020\/01\/pascua-1.png?fit=832%2C516&amp;ssl=1\" \/>EL CAMINO DE LOS DISC\u00cdPULOS DE EMA\u00daS<\/b><\/h2>\n<p>Como en las dem\u00e1s iniciativas del Consejo Pontificio para la Promoci\u00f3n de la Nueva Evangelizaci\u00f3n, tambi\u00e9n \u00e9sta recurre a un logotipo caracter\u00edstico, que sea como un espacio de catequesis que ayude a comprender el significado de la celebraci\u00f3n de este domingo. En este caso se ha tomado una escena b\u00edblica muy conocida: el camino de los disc\u00edpulos a la aldea de Ema\u00fas (cf. Lc 24,13-35), cuando en un momento dado del trayecto se acerca Jes\u00fas resucitado. El icono destaca muchos aspectos que convergen en el Domingo de la Palabra de Dios. Se pueden observar, en primer lugar, los personajes. Junto al Cristo que tiene en sus manos el \u201cpergamino del Libro\u201d, es decir, la Sagrada Escritura que se cumple en su persona, est\u00e1n los dos disc\u00edpulos: Cleopa, como escribe expl\u00edcitamente Lucas, y, seg\u00fan algunos exegetas, su esposa. Los dos rostros de los disc\u00edpulos est\u00e1n vueltos al Se\u00f1or; sus manos indican, respectivamente, la mano izquierda de la mujer a Cristo mismo, para afirmar que \u00e9l es el cumplimiento de las antiguas promesas y la Palabra viva que debe ser anunciada al mundo; la mano izquierda de Cleopa indica, en cambio, \u00a0el camino que los disc\u00edpulos deben recorrer para llevar a todos la buena nueva del Evangelio.<\/p>\n<h2><b><img loading=\"lazy\" decoding=\"async\" class=\" wp-image-7359 alignleft\" src=\"https:\/\/i0.wp.com\/catequesis.archimadrid.es\/wp-content\/uploads\/2020\/01\/KNOCK.jpg?resize=272%2C146&amp;ssl=1\" sizes=\"(max-width: 272px) 100vw, 272px\" srcset=\"https:\/\/i0.wp.com\/catequesis.archimadrid.es\/wp-content\/uploads\/2020\/01\/KNOCK.jpg?resize=300%2C161&amp;ssl=1 300w, https:\/\/i0.wp.com\/catequesis.archimadrid.es\/wp-content\/uploads\/2020\/01\/KNOCK.jpg?resize=768%2C412&amp;ssl=1 768w, https:\/\/i0.wp.com\/catequesis.archimadrid.es\/wp-content\/uploads\/2020\/01\/KNOCK.jpg?resize=600%2C322&amp;ssl=1 600w, https:\/\/i0.wp.com\/catequesis.archimadrid.es\/wp-content\/uploads\/2020\/01\/KNOCK.jpg?w=885&amp;ssl=1 885w\" alt=\"\" width=\"272\" height=\"146\" data-attachment-id=\"7359\" data-permalink=\"https:\/\/catequesis.archimadrid.es\/domingo-de-la-palabra-de-dios-no-dejar-empolvar-la-biblia-como-uno-de-tantos-libros\/knock\/\" data-orig-file=\"https:\/\/i0.wp.com\/catequesis.archimadrid.es\/wp-content\/uploads\/2020\/01\/KNOCK.jpg?fit=885%2C475&amp;ssl=1\" data-orig-size=\"885,475\" data-comments-opened=\"1\" data-image-meta=\"{&quot;aperture&quot;:&quot;0&quot;,&quot;credit&quot;:&quot;&quot;,&quot;camera&quot;:&quot;&quot;,&quot;caption&quot;:&quot;&quot;,&quot;created_timestamp&quot;:&quot;0&quot;,&quot;copyright&quot;:&quot;&quot;,&quot;focal_length&quot;:&quot;0&quot;,&quot;iso&quot;:&quot;0&quot;,&quot;shutter_speed&quot;:&quot;0&quot;,&quot;title&quot;:&quot;&quot;,&quot;orientation&quot;:&quot;1&quot;}\" data-image-title=\"KNOCK\" data-image-description=\"\" data-medium-file=\"https:\/\/i0.wp.com\/catequesis.archimadrid.es\/wp-content\/uploads\/2020\/01\/KNOCK.jpg?fit=300%2C161&amp;ssl=1\" data-large-file=\"https:\/\/i0.wp.com\/catequesis.archimadrid.es\/wp-content\/uploads\/2020\/01\/KNOCK.jpg?fit=885%2C475&amp;ssl=1\" \/>NUESTRA SE\u00d1ORA DE KNOCK EN EL VATICANO<\/b><\/h2>\n<p>Para la celebraci\u00f3n del Primer Domingo de la Palabra de Dios, el domingo 26, a las 10 de la ma\u00f1ana, el Papa Francisco presidir\u00e1 la sagrada Eucarist\u00eda en la Bas\u00edlica de San Pedro. En el altar papal se colocar\u00e1 para la ocasi\u00f3n la imagen de Nuestra Se\u00f1ora de Knock, Patrona de Irlanda, que vendr\u00e1 especialmente desde ese santuario acompa\u00f1ada de una gran representaci\u00f3n de los fieles, encabezada por el Arzobispo de Tuam, Monse\u00f1or Michael Neary y el Rector del santuario, el Padre Richard Gibbons.<\/p>\n<h2><b><img loading=\"lazy\" decoding=\"async\" class=\"size-full wp-image-7360 alignleft\" src=\"https:\/\/i1.wp.com\/catequesis.archimadrid.es\/wp-content\/uploads\/2020\/01\/1.jpg?resize=300%2C168&amp;ssl=1\" alt=\"\" width=\"300\" height=\"168\" data-attachment-id=\"7360\" data-permalink=\"https:\/\/catequesis.archimadrid.es\/domingo-de-la-palabra-de-dios-no-dejar-empolvar-la-biblia-como-uno-de-tantos-libros\/attachment\/1\/\" data-orig-file=\"https:\/\/i1.wp.com\/catequesis.archimadrid.es\/wp-content\/uploads\/2020\/01\/1.jpg?fit=300%2C168&amp;ssl=1\" data-orig-size=\"300,168\" data-comments-opened=\"1\" data-image-meta=\"{&quot;aperture&quot;:&quot;0&quot;,&quot;credit&quot;:&quot;&quot;,&quot;camera&quot;:&quot;&quot;,&quot;caption&quot;:&quot;&quot;,&quot;created_timestamp&quot;:&quot;0&quot;,&quot;copyright&quot;:&quot;&quot;,&quot;focal_length&quot;:&quot;0&quot;,&quot;iso&quot;:&quot;0&quot;,&quot;shutter_speed&quot;:&quot;0&quot;,&quot;title&quot;:&quot;&quot;,&quot;orientation&quot;:&quot;1&quot;}\" data-image-title=\"1\" data-image-description=\"\" data-medium-file=\"https:\/\/i1.wp.com\/catequesis.archimadrid.es\/wp-content\/uploads\/2020\/01\/1.jpg?fit=300%2C168&amp;ssl=1\" data-large-file=\"https:\/\/i1.wp.com\/catequesis.archimadrid.es\/wp-content\/uploads\/2020\/01\/1.jpg?fit=300%2C168&amp;ssl=1\" \/>LA BIBLIA UN INSTRUMENTO QUE DESPIERTA NUESTRA FE<\/b><\/h2>\n<p>Al final de la celebraci\u00f3n eucar\u00edstica, el Papa Francisco har\u00e1 un gesto simb\u00f3lico: entregar\u00e1 la Biblia a 40 personas que representan tantas expresiones de nuestra vida cotidiana. En resumen, a todos se les entrega la Sagrada Escritura para indicar la atenci\u00f3n que estamos llamados a conceder a la Palabra de Dios, para que no quede como un libro en nuestras manos, sino que se convierta m\u00e1s bien en una continua llamada a la oraci\u00f3n, la lectura, la meditaci\u00f3n y el estudio. Este domingo, quiere llamar a todos los cristianos a no dejar la Biblia como uno de los muchos libros en el estante de casa, quiz\u00e1s lleno de polvo, sino como un instrumento que despierte nuestra fe. Para prepararse a celebrar este Domingo de la Palabra de Dios, se ha puesto a punto tambi\u00e9n un subsidio pastoral en italiano, ya traducido al franc\u00e9s, espa\u00f1ol, portugu\u00e9s, y polaco y en ingl\u00e9s, disponible s\u00f3lo en l\u00ednea, para que los p\u00e1rrocos y los agentes de pastoral puedan utilizarlo para encontrar ideas e instrumentos adecuados para la animaci\u00f3n de este d\u00eda.<\/p>\n<h2><b><img loading=\"lazy\" decoding=\"async\" class=\"size-medium wp-image-7362 alignleft\" src=\"https:\/\/i0.wp.com\/catequesis.archimadrid.es\/wp-content\/uploads\/2020\/01\/ruizarenas.jpg?resize=300%2C169&amp;ssl=1\" sizes=\"(max-width: 300px) 100vw, 300px\" srcset=\"https:\/\/i0.wp.com\/catequesis.archimadrid.es\/wp-content\/uploads\/2020\/01\/ruizarenas.jpg?resize=300%2C169&amp;ssl=1 300w, https:\/\/i0.wp.com\/catequesis.archimadrid.es\/wp-content\/uploads\/2020\/01\/ruizarenas.jpg?resize=1024%2C576&amp;ssl=1 1024w, https:\/\/i0.wp.com\/catequesis.archimadrid.es\/wp-content\/uploads\/2020\/01\/ruizarenas.jpg?resize=768%2C432&amp;ssl=1 768w, https:\/\/i0.wp.com\/catequesis.archimadrid.es\/wp-content\/uploads\/2020\/01\/ruizarenas.jpg?resize=600%2C338&amp;ssl=1 600w, https:\/\/i0.wp.com\/catequesis.archimadrid.es\/wp-content\/uploads\/2020\/01\/ruizarenas.jpg?resize=1080%2C608&amp;ssl=1 1080w, https:\/\/i0.wp.com\/catequesis.archimadrid.es\/wp-content\/uploads\/2020\/01\/ruizarenas.jpg?w=1280&amp;ssl=1 1280w\" alt=\"\" width=\"300\" height=\"169\" data-attachment-id=\"7362\" data-permalink=\"https:\/\/catequesis.archimadrid.es\/domingo-de-la-palabra-de-dios-no-dejar-empolvar-la-biblia-como-uno-de-tantos-libros\/ruizarenas\/\" data-orig-file=\"https:\/\/i0.wp.com\/catequesis.archimadrid.es\/wp-content\/uploads\/2020\/01\/ruizarenas.jpg?fit=1280%2C720&amp;ssl=1\" data-orig-size=\"1280,720\" data-comments-opened=\"1\" data-image-meta=\"{&quot;aperture&quot;:&quot;0&quot;,&quot;credit&quot;:&quot;&quot;,&quot;camera&quot;:&quot;&quot;,&quot;caption&quot;:&quot;&quot;,&quot;created_timestamp&quot;:&quot;0&quot;,&quot;copyright&quot;:&quot;&quot;,&quot;focal_length&quot;:&quot;0&quot;,&quot;iso&quot;:&quot;0&quot;,&quot;shutter_speed&quot;:&quot;0&quot;,&quot;title&quot;:&quot;&quot;,&quot;orientation&quot;:&quot;0&quot;}\" data-image-title=\"ruizarenas\" data-image-description=\"\" data-medium-file=\"https:\/\/i0.wp.com\/catequesis.archimadrid.es\/wp-content\/uploads\/2020\/01\/ruizarenas.jpg?fit=300%2C169&amp;ssl=1\" data-large-file=\"https:\/\/i0.wp.com\/catequesis.archimadrid.es\/wp-content\/uploads\/2020\/01\/ruizarenas.jpg?fit=1024%2C576&amp;ssl=1\" \/>MONSE\u00d1OR RUIZ ARENAS: ANUNCIO DE LA OBRA SALV\u00cdFICA DE DIOS<\/b><\/h2>\n<p>En la presentaci\u00f3n del Primer Domingo de la Palabra de Dios, tambi\u00e9n particip\u00f3 Monse\u00f1or Octavio Ruiz Arenas, Secretario del Consejo Pontificio para la Promoci\u00f3n de la Nueva Evangelizaci\u00f3n. En su intervenci\u00f3n, explic\u00f3 que se escogi\u00f3 esta fecha por dos motivos fundamentales: \u201cen primer lugar, porque en la liturgia el III Domingo del Tiempo Ordinario todos los evangelios: Mateo, Lucas y Marcos nos hablan de la predicaci\u00f3n del Se\u00f1or, el comienzo del anuncio mismo por parte de Cristo de lo que era su mensaje. En segundo lugar, porque es un domingo en el que en cualquier a\u00f1o lit\u00fargico podemos encontrar una referencia expl\u00edcita a esa comunicaci\u00f3n, a ese anuncio que hacia el Se\u00f1or de la obra salv\u00edfica de Dios\u201d.<\/p>\n<h2><b><img loading=\"lazy\" decoding=\"async\" class=\"size-medium wp-image-7361 alignleft\" src=\"https:\/\/i1.wp.com\/catequesis.archimadrid.es\/wp-content\/uploads\/2020\/01\/an%CC%83o-palabra-de-dios.jpg?resize=300%2C176&amp;ssl=1\" sizes=\"(max-width: 300px) 100vw, 300px\" srcset=\"https:\/\/i1.wp.com\/catequesis.archimadrid.es\/wp-content\/uploads\/2020\/01\/an\u0303o-palabra-de-dios.jpg?resize=300%2C176&amp;ssl=1 300w, https:\/\/i1.wp.com\/catequesis.archimadrid.es\/wp-content\/uploads\/2020\/01\/an\u0303o-palabra-de-dios.jpg?w=352&amp;ssl=1 352w\" alt=\"\" width=\"300\" height=\"176\" data-attachment-id=\"7361\" data-permalink=\"https:\/\/catequesis.archimadrid.es\/domingo-de-la-palabra-de-dios-no-dejar-empolvar-la-biblia-como-uno-de-tantos-libros\/an%cc%83o-palabra-de-dios\/\" data-orig-file=\"https:\/\/i1.wp.com\/catequesis.archimadrid.es\/wp-content\/uploads\/2020\/01\/an\u0303o-palabra-de-dios.jpg?fit=352%2C207&amp;ssl=1\" data-orig-size=\"352,207\" data-comments-opened=\"1\" data-image-meta=\"{&quot;aperture&quot;:&quot;0&quot;,&quot;credit&quot;:&quot;&quot;,&quot;camera&quot;:&quot;&quot;,&quot;caption&quot;:&quot;&quot;,&quot;created_timestamp&quot;:&quot;0&quot;,&quot;copyright&quot;:&quot;&quot;,&quot;focal_length&quot;:&quot;0&quot;,&quot;iso&quot;:&quot;0&quot;,&quot;shutter_speed&quot;:&quot;0&quot;,&quot;title&quot;:&quot;&quot;,&quot;orientation&quot;:&quot;0&quot;}\" data-image-title=\"an\u0303o-palabra-de-dios\" data-image-description=\"\" data-medium-file=\"https:\/\/i1.wp.com\/catequesis.archimadrid.es\/wp-content\/uploads\/2020\/01\/an\u0303o-palabra-de-dios.jpg?fit=300%2C176&amp;ssl=1\" data-large-file=\"https:\/\/i1.wp.com\/catequesis.archimadrid.es\/wp-content\/uploads\/2020\/01\/an\u0303o-palabra-de-dios.jpg?fit=352%2C207&amp;ssl=1\" \/>ALIMENTARSE DE LA PALABRA Y DE LA EUCARIST\u00cdA<\/b><\/h2>\n<p>Este Domingo, se\u00f1al\u00f3 Monse\u00f1or Ruiz Arenas, que el Santo Padre ha querido instaurar esta celebraci\u00f3n \u201cpara que nosotros como cat\u00f3licos le demos una centralidad a la Palabra de Dios, una palabra de Dios que nos ha hablado en Cristo, pero que contin\u00faa habl\u00e1ndonos y dici\u00e9ndonos aquello que es fundamental para nuestra vida\u201d. De tal manera que nosotros con este Domingo de la Palabra de Dios fundamentalmente queremos despertar el inter\u00e9s que debe haber en las familias, en las personas com\u00fan y corriente, en los ni\u00f1os, en los j\u00f3venes y en los ancianos de alimentarse de la Palabra de Dios as\u00ed como nos alimentamos tambi\u00e9n de la Eucarist\u00eda, el Cuerpo y la Sangre del Se\u00f1or.<\/p>\n<p>\u201cDe tal manera que es algo muy importante que unamos la presencia de Cristo no lo encontramos \u00fanicamente en el sacramento del Cuerpo y la Sangre de Cristo sino que la Palabra de Dios forma parte de esa realidad fundamental de nuestra fe c\u00f3mo es la presencia del Se\u00f1or en medio de nosotros a trav\u00e9s de la Eucarist\u00eda que se realiza a trav\u00e9s de la mesa la palabra y de la mesa del pan. De tal manera que esperamos que podamos verdaderamente como cristianos despertar ese interese por la Palabra de Dios a trav\u00e9s de esta celebraci\u00f3n de este domingo que ha cogido el Santo Padre\u201d.<\/p>\n<\/div>\n","protected":false},"excerpt":{"rendered":"<p>Tuvo lugar el pasado viernes, 17 de enero, en la Oficina de Prensa de la Santa Sede, la conferencia de presentaci\u00f3n del Primer Domingo de la Palabra de Dios, a celebrarse el pr\u00f3ximo domingo 26 de enero de 2020. Renato Martinez \u2013 Ciudad del Vaticano.\u00a0\u201cEl Domingo de la Palabra de Dios puede ser esa capacidad [&hellip;]<\/p>\n","protected":false},"author":4,"featured_media":452,"comment_status":"open","ping_status":"open","sticky":false,"template":"","format":"standard","meta":{"_et_pb_use_builder":"","_et_pb_old_content":"","_et_gb_content_width":"","footnotes":""},"categories":[3],"tags":[108,109,42],"class_list":["post-450","post","type-post","status-publish","format-standard","has-post-thumbnail","hentry","category-noticias","tag-domingo-de-la-palabra-de-dios","tag-monsenor-octavio-ruiz-arenas","tag-papa-francisco","et-has-post-format-content","et_post_format-et-post-format-standard"],"yoast_head":"<!-- This site is optimized with the Yoast SEO plugin v27.5 - https:\/\/yoast.com\/product\/yoast-seo-wordpress\/ -->\n<title>DOMINGO DE LA PALABRA DE DIOS: NO DEJAR EMPOLVAR LA BIBLIA COMO UNO DE TANTOS LIBROS - Asociaci\u00f3n Espa\u00f1ola de Catequetas<\/title>\n<meta name=\"robots\" content=\"index, follow, max-snippet:-1, max-image-preview:large, max-video-preview:-1\" \/>\n<link rel=\"canonical\" href=\"https:\/\/aeca-catequetas.es\/index.php\/2020\/01\/20\/domingo-de-la-palabra-de-dios-no-dejar-empolvar-la-biblia-como-uno-de-tantos-libros\/\" \/>\n<meta property=\"og:locale\" content=\"es_ES\" \/>\n<meta property=\"og:type\" content=\"article\" \/>\n<meta property=\"og:title\" content=\"DOMINGO DE LA PALABRA DE DIOS: NO DEJAR EMPOLVAR LA BIBLIA COMO UNO DE TANTOS LIBROS - Asociaci\u00f3n Espa\u00f1ola de Catequetas\" \/>\n<meta property=\"og:description\" content=\"Tuvo lugar el pasado viernes, 17 de enero, en la Oficina de Prensa de la Santa Sede, la conferencia de presentaci\u00f3n del Primer Domingo de la Palabra de Dios, a celebrarse el pr\u00f3ximo domingo 26 de enero de 2020. Renato Martinez \u2013 Ciudad del Vaticano.\u00a0\u201cEl Domingo de la Palabra de Dios puede ser esa capacidad [&hellip;]\" \/>\n<meta property=\"og:url\" content=\"https:\/\/aeca-catequetas.es\/index.php\/2020\/01\/20\/domingo-de-la-palabra-de-dios-no-dejar-empolvar-la-biblia-como-uno-de-tantos-libros\/\" \/>\n<meta property=\"og:site_name\" content=\"Asociaci\u00f3n Espa\u00f1ola de Catequetas\" \/>\n<meta property=\"article:published_time\" content=\"2020-01-20T20:26:00+00:00\" \/>\n<meta property=\"og:image\" content=\"https:\/\/aeca-catequetas.es\/wp-content\/uploads\/2020\/01\/subsidio-domingo-palabra.png\" \/>\n\t<meta property=\"og:image:width\" content=\"1672\" \/>\n\t<meta property=\"og:image:height\" content=\"591\" \/>\n\t<meta property=\"og:image:type\" content=\"image\/png\" \/>\n<meta name=\"author\" content=\"webmaster\" \/>\n<meta name=\"twitter:card\" content=\"summary_large_image\" \/>\n<meta name=\"twitter:label1\" content=\"Escrito por\" \/>\n\t<meta name=\"twitter:data1\" content=\"webmaster\" \/>\n\t<meta name=\"twitter:label2\" content=\"Tiempo de lectura\" \/>\n\t<meta name=\"twitter:data2\" content=\"8 minutos\" \/>\n<script type=\"application\/ld+json\" class=\"yoast-schema-graph\">{\"@context\":\"https:\\\/\\\/schema.org\",\"@graph\":[{\"@type\":\"Article\",\"@id\":\"https:\\\/\\\/aeca-catequetas.es\\\/index.php\\\/2020\\\/01\\\/20\\\/domingo-de-la-palabra-de-dios-no-dejar-empolvar-la-biblia-como-uno-de-tantos-libros\\\/#article\",\"isPartOf\":{\"@id\":\"https:\\\/\\\/aeca-catequetas.es\\\/index.php\\\/2020\\\/01\\\/20\\\/domingo-de-la-palabra-de-dios-no-dejar-empolvar-la-biblia-como-uno-de-tantos-libros\\\/\"},\"author\":{\"name\":\"webmaster\",\"@id\":\"https:\\\/\\\/aeca-catequetas.es\\\/#\\\/schema\\\/person\\\/510ee7731f0229f7a896e5f62ff53292\"},\"headline\":\"DOMINGO DE LA PALABRA DE DIOS: NO DEJAR EMPOLVAR LA BIBLIA COMO UNO DE TANTOS LIBROS\",\"datePublished\":\"2020-01-20T20:26:00+00:00\",\"mainEntityOfPage\":{\"@id\":\"https:\\\/\\\/aeca-catequetas.es\\\/index.php\\\/2020\\\/01\\\/20\\\/domingo-de-la-palabra-de-dios-no-dejar-empolvar-la-biblia-como-uno-de-tantos-libros\\\/\"},\"wordCount\":1580,\"commentCount\":0,\"image\":{\"@id\":\"https:\\\/\\\/aeca-catequetas.es\\\/index.php\\\/2020\\\/01\\\/20\\\/domingo-de-la-palabra-de-dios-no-dejar-empolvar-la-biblia-como-uno-de-tantos-libros\\\/#primaryimage\"},\"thumbnailUrl\":\"https:\\\/\\\/aeca-catequetas.es\\\/wp-content\\\/uploads\\\/2020\\\/01\\\/subsidio-domingo-palabra.png\",\"keywords\":[\"DOMINGO DE LA PALABRA DE DIOS\",\"Monse\u00f1or Octavio Ruiz Arenas\",\"Papa Francisco\"],\"articleSection\":[\"Noticias\"],\"inLanguage\":\"es\",\"potentialAction\":[{\"@type\":\"CommentAction\",\"name\":\"Comment\",\"target\":[\"https:\\\/\\\/aeca-catequetas.es\\\/index.php\\\/2020\\\/01\\\/20\\\/domingo-de-la-palabra-de-dios-no-dejar-empolvar-la-biblia-como-uno-de-tantos-libros\\\/#respond\"]}]},{\"@type\":\"WebPage\",\"@id\":\"https:\\\/\\\/aeca-catequetas.es\\\/index.php\\\/2020\\\/01\\\/20\\\/domingo-de-la-palabra-de-dios-no-dejar-empolvar-la-biblia-como-uno-de-tantos-libros\\\/\",\"url\":\"https:\\\/\\\/aeca-catequetas.es\\\/index.php\\\/2020\\\/01\\\/20\\\/domingo-de-la-palabra-de-dios-no-dejar-empolvar-la-biblia-como-uno-de-tantos-libros\\\/\",\"name\":\"DOMINGO DE LA PALABRA DE DIOS: NO DEJAR EMPOLVAR LA BIBLIA COMO UNO DE TANTOS LIBROS - Asociaci\u00f3n Espa\u00f1ola de Catequetas\",\"isPartOf\":{\"@id\":\"https:\\\/\\\/aeca-catequetas.es\\\/#website\"},\"primaryImageOfPage\":{\"@id\":\"https:\\\/\\\/aeca-catequetas.es\\\/index.php\\\/2020\\\/01\\\/20\\\/domingo-de-la-palabra-de-dios-no-dejar-empolvar-la-biblia-como-uno-de-tantos-libros\\\/#primaryimage\"},\"image\":{\"@id\":\"https:\\\/\\\/aeca-catequetas.es\\\/index.php\\\/2020\\\/01\\\/20\\\/domingo-de-la-palabra-de-dios-no-dejar-empolvar-la-biblia-como-uno-de-tantos-libros\\\/#primaryimage\"},\"thumbnailUrl\":\"https:\\\/\\\/aeca-catequetas.es\\\/wp-content\\\/uploads\\\/2020\\\/01\\\/subsidio-domingo-palabra.png\",\"datePublished\":\"2020-01-20T20:26:00+00:00\",\"author\":{\"@id\":\"https:\\\/\\\/aeca-catequetas.es\\\/#\\\/schema\\\/person\\\/510ee7731f0229f7a896e5f62ff53292\"},\"breadcrumb\":{\"@id\":\"https:\\\/\\\/aeca-catequetas.es\\\/index.php\\\/2020\\\/01\\\/20\\\/domingo-de-la-palabra-de-dios-no-dejar-empolvar-la-biblia-como-uno-de-tantos-libros\\\/#breadcrumb\"},\"inLanguage\":\"es\",\"potentialAction\":[{\"@type\":\"ReadAction\",\"target\":[\"https:\\\/\\\/aeca-catequetas.es\\\/index.php\\\/2020\\\/01\\\/20\\\/domingo-de-la-palabra-de-dios-no-dejar-empolvar-la-biblia-como-uno-de-tantos-libros\\\/\"]}]},{\"@type\":\"ImageObject\",\"inLanguage\":\"es\",\"@id\":\"https:\\\/\\\/aeca-catequetas.es\\\/index.php\\\/2020\\\/01\\\/20\\\/domingo-de-la-palabra-de-dios-no-dejar-empolvar-la-biblia-como-uno-de-tantos-libros\\\/#primaryimage\",\"url\":\"https:\\\/\\\/aeca-catequetas.es\\\/wp-content\\\/uploads\\\/2020\\\/01\\\/subsidio-domingo-palabra.png\",\"contentUrl\":\"https:\\\/\\\/aeca-catequetas.es\\\/wp-content\\\/uploads\\\/2020\\\/01\\\/subsidio-domingo-palabra.png\",\"width\":1672,\"height\":591},{\"@type\":\"BreadcrumbList\",\"@id\":\"https:\\\/\\\/aeca-catequetas.es\\\/index.php\\\/2020\\\/01\\\/20\\\/domingo-de-la-palabra-de-dios-no-dejar-empolvar-la-biblia-como-uno-de-tantos-libros\\\/#breadcrumb\",\"itemListElement\":[{\"@type\":\"ListItem\",\"position\":1,\"name\":\"Home\",\"item\":\"https:\\\/\\\/aeca-catequetas.es\\\/\"},{\"@type\":\"ListItem\",\"position\":2,\"name\":\"DOMINGO DE LA PALABRA DE DIOS: NO DEJAR EMPOLVAR LA BIBLIA COMO UNO DE TANTOS LIBROS\"}]},{\"@type\":\"WebSite\",\"@id\":\"https:\\\/\\\/aeca-catequetas.es\\\/#website\",\"url\":\"https:\\\/\\\/aeca-catequetas.es\\\/\",\"name\":\"Asociaci\u00f3n Espa\u00f1ola de Catequetas\",\"description\":\"Asociaci\u00f3n Espa\u00f1ola de Catequetas\",\"potentialAction\":[{\"@type\":\"SearchAction\",\"target\":{\"@type\":\"EntryPoint\",\"urlTemplate\":\"https:\\\/\\\/aeca-catequetas.es\\\/?s={search_term_string}\"},\"query-input\":{\"@type\":\"PropertyValueSpecification\",\"valueRequired\":true,\"valueName\":\"search_term_string\"}}],\"inLanguage\":\"es\"},{\"@type\":\"Person\",\"@id\":\"https:\\\/\\\/aeca-catequetas.es\\\/#\\\/schema\\\/person\\\/510ee7731f0229f7a896e5f62ff53292\",\"name\":\"webmaster\",\"image\":{\"@type\":\"ImageObject\",\"inLanguage\":\"es\",\"@id\":\"https:\\\/\\\/secure.gravatar.com\\\/avatar\\\/397ca6d635bf8d8d18cf57a1ce24b4240dbb20b43c094e2f61695671478e7a8d?s=96&d=mm&r=g\",\"url\":\"https:\\\/\\\/secure.gravatar.com\\\/avatar\\\/397ca6d635bf8d8d18cf57a1ce24b4240dbb20b43c094e2f61695671478e7a8d?s=96&d=mm&r=g\",\"contentUrl\":\"https:\\\/\\\/secure.gravatar.com\\\/avatar\\\/397ca6d635bf8d8d18cf57a1ce24b4240dbb20b43c094e2f61695671478e7a8d?s=96&d=mm&r=g\",\"caption\":\"webmaster\"},\"url\":\"https:\\\/\\\/aeca-catequetas.es\\\/index.php\\\/author\\\/manuelbru\\\/\"}]}<\/script>\n<!-- \/ Yoast SEO plugin. -->","yoast_head_json":{"title":"DOMINGO DE LA PALABRA DE DIOS: NO DEJAR EMPOLVAR LA BIBLIA COMO UNO DE TANTOS LIBROS - Asociaci\u00f3n Espa\u00f1ola de Catequetas","robots":{"index":"index","follow":"follow","max-snippet":"max-snippet:-1","max-image-preview":"max-image-preview:large","max-video-preview":"max-video-preview:-1"},"canonical":"https:\/\/aeca-catequetas.es\/index.php\/2020\/01\/20\/domingo-de-la-palabra-de-dios-no-dejar-empolvar-la-biblia-como-uno-de-tantos-libros\/","og_locale":"es_ES","og_type":"article","og_title":"DOMINGO DE LA PALABRA DE DIOS: NO DEJAR EMPOLVAR LA BIBLIA COMO UNO DE TANTOS LIBROS - Asociaci\u00f3n Espa\u00f1ola de Catequetas","og_description":"Tuvo lugar el pasado viernes, 17 de enero, en la Oficina de Prensa de la Santa Sede, la conferencia de presentaci\u00f3n del Primer Domingo de la Palabra de Dios, a celebrarse el pr\u00f3ximo domingo 26 de enero de 2020. Renato Martinez \u2013 Ciudad del Vaticano.\u00a0\u201cEl Domingo de la Palabra de Dios puede ser esa capacidad [&hellip;]","og_url":"https:\/\/aeca-catequetas.es\/index.php\/2020\/01\/20\/domingo-de-la-palabra-de-dios-no-dejar-empolvar-la-biblia-como-uno-de-tantos-libros\/","og_site_name":"Asociaci\u00f3n Espa\u00f1ola de Catequetas","article_published_time":"2020-01-20T20:26:00+00:00","og_image":[{"width":1672,"height":591,"url":"https:\/\/aeca-catequetas.es\/wp-content\/uploads\/2020\/01\/subsidio-domingo-palabra.png","type":"image\/png"}],"author":"webmaster","twitter_card":"summary_large_image","twitter_misc":{"Escrito por":"webmaster","Tiempo de lectura":"8 minutos"},"schema":{"@context":"https:\/\/schema.org","@graph":[{"@type":"Article","@id":"https:\/\/aeca-catequetas.es\/index.php\/2020\/01\/20\/domingo-de-la-palabra-de-dios-no-dejar-empolvar-la-biblia-como-uno-de-tantos-libros\/#article","isPartOf":{"@id":"https:\/\/aeca-catequetas.es\/index.php\/2020\/01\/20\/domingo-de-la-palabra-de-dios-no-dejar-empolvar-la-biblia-como-uno-de-tantos-libros\/"},"author":{"name":"webmaster","@id":"https:\/\/aeca-catequetas.es\/#\/schema\/person\/510ee7731f0229f7a896e5f62ff53292"},"headline":"DOMINGO DE LA PALABRA DE DIOS: NO DEJAR EMPOLVAR LA BIBLIA COMO UNO DE TANTOS LIBROS","datePublished":"2020-01-20T20:26:00+00:00","mainEntityOfPage":{"@id":"https:\/\/aeca-catequetas.es\/index.php\/2020\/01\/20\/domingo-de-la-palabra-de-dios-no-dejar-empolvar-la-biblia-como-uno-de-tantos-libros\/"},"wordCount":1580,"commentCount":0,"image":{"@id":"https:\/\/aeca-catequetas.es\/index.php\/2020\/01\/20\/domingo-de-la-palabra-de-dios-no-dejar-empolvar-la-biblia-como-uno-de-tantos-libros\/#primaryimage"},"thumbnailUrl":"https:\/\/aeca-catequetas.es\/wp-content\/uploads\/2020\/01\/subsidio-domingo-palabra.png","keywords":["DOMINGO DE LA PALABRA DE DIOS","Monse\u00f1or Octavio Ruiz Arenas","Papa Francisco"],"articleSection":["Noticias"],"inLanguage":"es","potentialAction":[{"@type":"CommentAction","name":"Comment","target":["https:\/\/aeca-catequetas.es\/index.php\/2020\/01\/20\/domingo-de-la-palabra-de-dios-no-dejar-empolvar-la-biblia-como-uno-de-tantos-libros\/#respond"]}]},{"@type":"WebPage","@id":"https:\/\/aeca-catequetas.es\/index.php\/2020\/01\/20\/domingo-de-la-palabra-de-dios-no-dejar-empolvar-la-biblia-como-uno-de-tantos-libros\/","url":"https:\/\/aeca-catequetas.es\/index.php\/2020\/01\/20\/domingo-de-la-palabra-de-dios-no-dejar-empolvar-la-biblia-como-uno-de-tantos-libros\/","name":"DOMINGO DE LA PALABRA DE DIOS: NO DEJAR EMPOLVAR LA BIBLIA COMO UNO DE TANTOS LIBROS - Asociaci\u00f3n Espa\u00f1ola de Catequetas","isPartOf":{"@id":"https:\/\/aeca-catequetas.es\/#website"},"primaryImageOfPage":{"@id":"https:\/\/aeca-catequetas.es\/index.php\/2020\/01\/20\/domingo-de-la-palabra-de-dios-no-dejar-empolvar-la-biblia-como-uno-de-tantos-libros\/#primaryimage"},"image":{"@id":"https:\/\/aeca-catequetas.es\/index.php\/2020\/01\/20\/domingo-de-la-palabra-de-dios-no-dejar-empolvar-la-biblia-como-uno-de-tantos-libros\/#primaryimage"},"thumbnailUrl":"https:\/\/aeca-catequetas.es\/wp-content\/uploads\/2020\/01\/subsidio-domingo-palabra.png","datePublished":"2020-01-20T20:26:00+00:00","author":{"@id":"https:\/\/aeca-catequetas.es\/#\/schema\/person\/510ee7731f0229f7a896e5f62ff53292"},"breadcrumb":{"@id":"https:\/\/aeca-catequetas.es\/index.php\/2020\/01\/20\/domingo-de-la-palabra-de-dios-no-dejar-empolvar-la-biblia-como-uno-de-tantos-libros\/#breadcrumb"},"inLanguage":"es","potentialAction":[{"@type":"ReadAction","target":["https:\/\/aeca-catequetas.es\/index.php\/2020\/01\/20\/domingo-de-la-palabra-de-dios-no-dejar-empolvar-la-biblia-como-uno-de-tantos-libros\/"]}]},{"@type":"ImageObject","inLanguage":"es","@id":"https:\/\/aeca-catequetas.es\/index.php\/2020\/01\/20\/domingo-de-la-palabra-de-dios-no-dejar-empolvar-la-biblia-como-uno-de-tantos-libros\/#primaryimage","url":"https:\/\/aeca-catequetas.es\/wp-content\/uploads\/2020\/01\/subsidio-domingo-palabra.png","contentUrl":"https:\/\/aeca-catequetas.es\/wp-content\/uploads\/2020\/01\/subsidio-domingo-palabra.png","width":1672,"height":591},{"@type":"BreadcrumbList","@id":"https:\/\/aeca-catequetas.es\/index.php\/2020\/01\/20\/domingo-de-la-palabra-de-dios-no-dejar-empolvar-la-biblia-como-uno-de-tantos-libros\/#breadcrumb","itemListElement":[{"@type":"ListItem","position":1,"name":"Home","item":"https:\/\/aeca-catequetas.es\/"},{"@type":"ListItem","position":2,"name":"DOMINGO DE LA PALABRA DE DIOS: NO DEJAR EMPOLVAR LA BIBLIA COMO UNO DE TANTOS LIBROS"}]},{"@type":"WebSite","@id":"https:\/\/aeca-catequetas.es\/#website","url":"https:\/\/aeca-catequetas.es\/","name":"Asociaci\u00f3n Espa\u00f1ola de Catequetas","description":"Asociaci\u00f3n Espa\u00f1ola de Catequetas","potentialAction":[{"@type":"SearchAction","target":{"@type":"EntryPoint","urlTemplate":"https:\/\/aeca-catequetas.es\/?s={search_term_string}"},"query-input":{"@type":"PropertyValueSpecification","valueRequired":true,"valueName":"search_term_string"}}],"inLanguage":"es"},{"@type":"Person","@id":"https:\/\/aeca-catequetas.es\/#\/schema\/person\/510ee7731f0229f7a896e5f62ff53292","name":"webmaster","image":{"@type":"ImageObject","inLanguage":"es","@id":"https:\/\/secure.gravatar.com\/avatar\/397ca6d635bf8d8d18cf57a1ce24b4240dbb20b43c094e2f61695671478e7a8d?s=96&d=mm&r=g","url":"https:\/\/secure.gravatar.com\/avatar\/397ca6d635bf8d8d18cf57a1ce24b4240dbb20b43c094e2f61695671478e7a8d?s=96&d=mm&r=g","contentUrl":"https:\/\/secure.gravatar.com\/avatar\/397ca6d635bf8d8d18cf57a1ce24b4240dbb20b43c094e2f61695671478e7a8d?s=96&d=mm&r=g","caption":"webmaster"},"url":"https:\/\/aeca-catequetas.es\/index.php\/author\/manuelbru\/"}]}},"jetpack_featured_media_url":"https:\/\/aeca-catequetas.es\/wp-content\/uploads\/2020\/01\/subsidio-domingo-palabra.png","_links":{"self":[{"href":"https:\/\/aeca-catequetas.es\/index.php\/wp-json\/wp\/v2\/posts\/450","targetHints":{"allow":["GET"]}}],"collection":[{"href":"https:\/\/aeca-catequetas.es\/index.php\/wp-json\/wp\/v2\/posts"}],"about":[{"href":"https:\/\/aeca-catequetas.es\/index.php\/wp-json\/wp\/v2\/types\/post"}],"author":[{"embeddable":true,"href":"https:\/\/aeca-catequetas.es\/index.php\/wp-json\/wp\/v2\/users\/4"}],"replies":[{"embeddable":true,"href":"https:\/\/aeca-catequetas.es\/index.php\/wp-json\/wp\/v2\/comments?post=450"}],"version-history":[{"count":1,"href":"https:\/\/aeca-catequetas.es\/index.php\/wp-json\/wp\/v2\/posts\/450\/revisions"}],"predecessor-version":[{"id":453,"href":"https:\/\/aeca-catequetas.es\/index.php\/wp-json\/wp\/v2\/posts\/450\/revisions\/453"}],"wp:featuredmedia":[{"embeddable":true,"href":"https:\/\/aeca-catequetas.es\/index.php\/wp-json\/wp\/v2\/media\/452"}],"wp:attachment":[{"href":"https:\/\/aeca-catequetas.es\/index.php\/wp-json\/wp\/v2\/media?parent=450"}],"wp:term":[{"taxonomy":"category","embeddable":true,"href":"https:\/\/aeca-catequetas.es\/index.php\/wp-json\/wp\/v2\/categories?post=450"},{"taxonomy":"post_tag","embeddable":true,"href":"https:\/\/aeca-catequetas.es\/index.php\/wp-json\/wp\/v2\/tags?post=450"}],"curies":[{"name":"wp","href":"https:\/\/api.w.org\/{rel}","templated":true}]}}