{"id":430,"date":"2019-12-25T19:22:29","date_gmt":"2019-12-25T18:22:29","guid":{"rendered":"https:\/\/aeca-catequetas.es\/?p=430"},"modified":"2019-12-25T20:09:50","modified_gmt":"2019-12-25T19:09:50","slug":"papa-francisco-humanidad-dios-te-ama-se-hizo-hombre-por-ti-ya-no-estas-sola","status":"publish","type":"post","link":"https:\/\/aeca-catequetas.es\/index.php\/2019\/12\/25\/papa-francisco-humanidad-dios-te-ama-se-hizo-hombre-por-ti-ya-no-estas-sola\/","title":{"rendered":"PAPA FRANCISCO: \u00a1Humanidad, Dios te ama, se hizo hombre por ti, ya no est\u00e1s sola!"},"content":{"rendered":"<div class=\"testo\">\n<div class=\"text parbase vaticanrichtext\"><\/div>\n<div class=\"text parbase vaticanrichtext\">\n<ul>\n<li><strong>VIDEO DE LA CELEBRACI\u00d3N de la misa de nochebuena<\/strong><\/li>\n<li><strong>TEXTO DE LA HOMIL\u00cdA DEL PAPA de la misa de nochebuena<\/strong><\/li>\n<li><strong>MENSAJE DEL SANTO PADRE EN LA BENDICI\u00d3N URBI ET ORBI del d\u00eda de Navidad<\/strong><\/li>\n<li><strong>VIDEO DE LA BENDICI\u00d3N URBI ET ORBI del d\u00eda de Navidad<\/strong><\/li>\n<\/ul>\n<p>&nbsp;<\/p>\n<p><strong>VIDEO DE LA CELEBRACI\u00d3N de la misa de nochebuena:<\/strong><\/p>\n<p><iframe loading=\"lazy\" title=\"Pope Francis-Holy Mass of the Christmas Vigil 2019-12-24\" width=\"1080\" height=\"608\" src=\"https:\/\/www.youtube.com\/embed\/jFNDWsDUGWA?feature=oembed\" frameborder=\"0\" allow=\"accelerometer; autoplay; encrypted-media; gyroscope; picture-in-picture\" allowfullscreen><\/iframe><\/p>\n<p><strong>TEXTO DE LA HOMIL\u00cdA DEL PAPA de la misa de nochebuena<\/strong><\/p>\n<p style=\"text-align: left;\" align=\"center\"><em><strong><img loading=\"lazy\" decoding=\"async\" class=\"size-medium wp-image-7138 alignleft\" src=\"https:\/\/catequesis.archimadrid.es\/wp-content\/uploads\/2019\/12\/NOCHEBUENA-2019-10-300x200.jpeg\" alt=\"\" width=\"300\" height=\"200\" \/>No es habitual que los papas, en sus homil\u00edas, recurren al recurso catequ\u00e9tico de contar un cuento. Pero en Navidad todo es posible. Y con el Papa Francisco, tambi\u00e9n, gracias a Dios, todo es posible para anunciar el Evangelio desde una Iglesia en salida:<\/strong><\/em><\/p>\n<p style=\"text-align: left;\" align=\"center\"><span style=\"color: #663300;\"><b>MISA DE NOCHEBUENA DE LA NATIVIDAD DEL SE\u00d1OR<\/b><\/span><\/p>\n<p style=\"text-align: left;\" align=\"center\"><span style=\"color: #663300;\"><i>Bas\u00edlica Vaticana<br \/>\nMartes, 24 de diciembre de 2019<\/i><\/span><\/p>\n<p><img loading=\"lazy\" decoding=\"async\" class=\"size-medium wp-image-7126 alignleft\" src=\"https:\/\/catequesis.archimadrid.es\/wp-content\/uploads\/2019\/12\/NOCHEBUENA-2019-1-300x200.jpeg\" alt=\"\" width=\"300\" height=\"200\" \/>\u00abEl pueblo que caminaba en tinieblas vio una luz grande\u00bb (<i>Is<\/i>\u00a09,1). Esta profec\u00eda de la primera lectura se realiz\u00f3 en el Evangelio. De hecho, mientras los pastores velaban de noche en sus campos, \u00abla gloria del Se\u00f1or los envolvi\u00f3 de claridad\u00bb (<i>Lc\u00a0<\/i>2,9). En la noche de la tierra apareci\u00f3 una luz del cielo. \u00bfQu\u00e9 significa esta luz surgida en la oscuridad? Nos lo sugiere el ap\u00f3stol Pablo, que nos dijo: \u00abSe ha manifestado la gracia de Dios\u00bb. La gracia de Dios, \u00abque trae la salvaci\u00f3n para todos los hombres\u00bb (<i>Tt<\/i>\u00a02,11), ha envuelto al mundo esta noche.<\/p>\n<p>Pero, \u00bfqu\u00e9 es esta gracia? Es el amor divino, el amor que transforma la vida, renueva la historia, libera del mal, infunde paz y alegr\u00eda. En esta noche, el amor de Dios se ha mostrado a nosotros: es Jes\u00fas. En Jes\u00fas, el Alt\u00edsimo se hizo peque\u00f1o para ser amado por nosotros. En Jes\u00fas, Dios se hizo Ni\u00f1o, para dejarse abrazar por nosotros. Pero, podemos todav\u00eda preguntarnos, \u00bfpor qu\u00e9 san Pablo llama \u201cgracia\u201d a la venida de Dios al mundo? Para decirnos que es completamente gratuita. Mientras que aqu\u00ed en la tierra todo parece responder a la l\u00f3gica de dar para tener, Dios llega gratis. Su amor no es negociable: no hemos hecho nada para merecerlo y nunca podremos recompensarlo.<\/p>\n<p><i><img loading=\"lazy\" decoding=\"async\" class=\"size-medium wp-image-7127 alignleft\" src=\"https:\/\/catequesis.archimadrid.es\/wp-content\/uploads\/2019\/12\/NOCHEBUENA-2019-2-300x200.jpeg\" alt=\"\" width=\"300\" height=\"200\" \/>Se ha manifestado la gracia de Dios<\/i>. En esta noche nos damos cuenta de que, aunque no est\u00e1bamos a la altura, \u00c9l se hizo peque\u00f1ez para nosotros; mientras and\u00e1bamos ocupados en nuestros asuntos, \u00c9l vino entre nosotros. La Navidad nos recuerda que Dios sigue amando a cada hombre, incluso al peor. A m\u00ed, a ti, a cada uno de nosotros, \u00c9l nos dice hoy<i>:<\/i>\u00a0\u201cTe amo y siempre te amar\u00e9, eres precioso a mis ojos\u201d. Dios no te ama porque piensas correctamente y te comportas bien; \u00c9l te ama y basta. Su amor es incondicional, no depende de ti. Puede que tengas ideas equivocadas, que hayas hecho de las tuyas; sin embargo, el Se\u00f1or no deja de amarte. \u00bfCu\u00e1ntas veces pensamos que Dios es bueno si nosotros somos buenos, y que nos castiga si somos malos? Pero no es as\u00ed. Aun en nuestros pecados contin\u00faa am\u00e1ndonos. Su amor no cambia, no es quisquilloso; es fiel, es paciente. Este es el regalo que encontramos en Navidad: descubrimos con asombro que el Se\u00f1or es toda la gratuidad posible, toda la ternura posible. Su gloria no nos deslumbra, su presencia no nos asusta. Naci\u00f3 pobre de todo, para conquistarnos con la riqueza de su amor.<\/p>\n<p><i><img loading=\"lazy\" decoding=\"async\" class=\"size-medium wp-image-7128 alignleft\" src=\"https:\/\/catequesis.archimadrid.es\/wp-content\/uploads\/2019\/12\/NOCHEBUENA-2019-3-300x200.jpeg\" alt=\"\" width=\"300\" height=\"200\" \/>Se ha manifestado la gracia de Dios<\/i>. Gracia es sin\u00f3nimo de belleza. En esta noche, redescubrimos en la belleza del amor de Dios, tambi\u00e9n nuestra belleza, porque somos <i>los amados de Dios<\/i>. En el bien y en el mal, en la salud y en la enfermedad, felices o tristes, a sus ojos nos vemos hermosos: no por lo que hacemos sino por lo que somos. Hay en nosotros una belleza indeleble, intangible; una belleza irreprimible que es el n\u00facleo de nuestro ser. Dios nos lo recuerda hoy, tomando con amor nuestra humanidad y haci\u00e9ndola suya, \u201cdespos\u00e1ndose con ella\u201d para siempre.<\/p>\n<p>De hecho, la \u00abgran alegr\u00eda\u00bb anunciada a los pastores esta noche es \u00abpara todo el pueblo\u00bb. En aquellos pastores, que ciertamente no eran santos, tambi\u00e9n estamos nosotros, con nuestras flaquezas y debilidades. As\u00ed como los llam\u00f3 a ellos, Dios tambi\u00e9n nos llama a nosotros, porque nos ama. Y, en las noches de la vida, a nosotros como a ellos nos dice: \u00abNo tem\u00e1is\u00bb (<i>Lc<\/i>\u00a02,10). \u00a1\u00c1nimo, no hay que perder la confianza, no hay que perder la esperanza, no hay que pensar que amar es tiempo perdido! En esta noche, el amor venci\u00f3 al miedo, apareci\u00f3 una nueva esperanza, la luz amable de Dios venci\u00f3 la oscuridad de la arrogancia humana. \u00a1Humanidad, Dios te ama, se hizo hombre por ti, ya no est\u00e1s sola!<\/p>\n<p><img loading=\"lazy\" decoding=\"async\" class=\"size-medium wp-image-7129 alignleft\" src=\"https:\/\/catequesis.archimadrid.es\/wp-content\/uploads\/2019\/12\/NOCHEBUENA-2019-4-300x200.jpeg\" alt=\"\" width=\"300\" height=\"200\" \/>Queridos hermanos y hermanas: \u00bfQu\u00e9 hacer ante esta gracia? Una sola cosa:\u00a0<i>acoger el don<\/i>. Antes de ir en busca de Dios, dej\u00e9monos buscar por \u00c9l, porque \u00c9l nos busca primero. No partamos de nuestras capacidades, sino de su gracia, porque \u00c9l es Jes\u00fas, el Salvador. Pongamos nuestra mirada en el Ni\u00f1o y dej\u00e9monos envolver por su ternura. Ya no tendremos m\u00e1s excusas para no dejarnos amar por \u00c9l: Lo que sale mal en la vida, lo que no funciona en la Iglesia, lo que no va bien en el mundo ya no ser\u00e1 una justificaci\u00f3n. Pasar\u00e1 a un segundo plano, porque frente al amor excesivo de Jes\u00fas, que es todo mansedumbre y cercan\u00eda, no hay excusas. La pregunta que surge en Navidad es: \u201c\u00bfMe dejo amar por Dios? \u00bfMe abandono a su amor que viene a salvarme?\u201d.<\/p>\n<p>Un regalo as\u00ed, tan grande, merece mucha gratitud. Acoger la gracia es saber\u00a0<i>agradecer<\/i>. Pero nuestras vidas a menudo transcurren lejos de la gratitud. Hoy es el d\u00eda adecuado para acercarse al sagrario, al bel\u00e9n, al pesebre, para agradecer. <img loading=\"lazy\" decoding=\"async\" class=\"size-medium wp-image-7130 alignleft\" src=\"https:\/\/catequesis.archimadrid.es\/wp-content\/uploads\/2019\/12\/NOCHEBUENA-2019-5-300x200.jpeg\" alt=\"\" width=\"300\" height=\"200\" \/>Acojamos el don que es Jes\u00fas, para luego\u00a0<i>transformarnos en don<\/i>\u00a0como Jes\u00fas. Convertirse en don es dar sentido a la vida y es la mejor manera de cambiar el mundo: cambiamos nosotros, cambia la Iglesia, cambia la historia cuando comenzamos a no querer cambiar a los otros, sino a nosotros mismos, haciendo de nuestra vida un don.<\/p>\n<p>Jes\u00fas nos lo manifiesta esta noche. No cambi\u00f3 la historia constri\u00f1endo a alguien o a fuerza de palabras, sino con el don de su vida. No esper\u00f3 a que fu\u00e9ramos buenos para amarnos, sino que se dio a nosotros gratuitamente. Tampoco nosotros podemos esperar que el pr\u00f3jimo cambie para hacerle el bien, que la Iglesia sea perfecta para amarla, que los dem\u00e1s nos tengan consideraci\u00f3n para servirlos. Empecemos nosotros. As\u00ed es como se acoge el don de la gracia. Y la santidad no es sino custodiar esta gratuidad.<\/p>\n<p><img loading=\"lazy\" decoding=\"async\" class=\"size-medium wp-image-7131 alignleft\" src=\"https:\/\/catequesis.archimadrid.es\/wp-content\/uploads\/2019\/12\/NOCHEBUENA-2019-7-300x200.jpeg\" alt=\"\" width=\"300\" height=\"200\" \/>Una hermosa leyenda cuenta que, cuando Jes\u00fas naci\u00f3, los pastores corr\u00edan hacia la gruta llevando muchos regalos. Cada uno llevaba lo que ten\u00eda: unos, el fruto de su trabajo, otros, algo de valor. Pero mientras todos los pastores se esforzaban, con generosidad, en llevar lo mejor, hab\u00eda uno que no ten\u00eda nada. Era muy pobre, no ten\u00eda nada que ofrecer. Y mientras los dem\u00e1s compet\u00edan en presentar sus regalos, \u00e9l se manten\u00eda apartado, con verg\u00fcenza. En un determinado momento, san Jos\u00e9 y la Virgen se vieron en dificultad para recibir todos los regalos, muchos, sobre todo Mar\u00eda, que deb\u00eda tener en brazos al Ni\u00f1o. Entonces, viendo a aquel pastor con las manos vac\u00edas, le pidi\u00f3 que se acercara. Y le puso a Jes\u00fas en sus manos. El pastor, tom\u00e1ndolo, se dio cuenta de que hab\u00eda recibido lo que no se merec\u00eda, que ten\u00eda entre sus brazos el regalo m\u00e1s grande de la historia. Se mir\u00f3 las manos, y esas manos que le parec\u00edan siempre vac\u00edas se hab\u00edan convertido en la cuna de Dios. Se sinti\u00f3 amado y, superando la verg\u00fcenza, comenz\u00f3 a mostrar a Jes\u00fas a los otros, porque no pod\u00eda s\u00f3lo quedarse para \u00e9l el regalo de los regalos.<\/p>\n<p>Querido hermano, querida hermana: Si tus manos te parecen vac\u00edas, si ves tu coraz\u00f3n pobre en amor, esta noche es para ti.\u00a0<i>Se ha manifestado la gracia de Dios<\/i> para resplandecer en tu vida. Ac\u00f3gela y brillar\u00e1 en ti la luz de la Navidad.<\/p>\n<\/div>\n<\/div>\n<div class=\"testo\">\n<div class=\"text parbase vaticanrichtext\">\n<p>&nbsp;<\/p>\n<ul>\n<li class=\"clearfix\"><strong>MENSAJE DEL SANTO PADRE EN LA BENDICI\u00d3N URBI ET ORBI del d\u00eda de Navidad<\/strong><\/li>\n<\/ul>\n<\/div>\n<\/div>\n<div>\n<p style=\"text-align: left;\" align=\"center\"><span style=\"color: #663300;\"><i>Balc\u00f3n central de la Bas\u00edlica Vaticana; Mi\u00e9rcoles, 25 de diciembre de 2019<\/i><\/span><\/p>\n<p>\u00abEl pueblo que caminaba en tinieblas vio una luz grande\u00bb (<i>Is<\/i>\u00a09,1)<\/p>\n<p>Queridos hermanos y hermanas: \u00a1Feliz Navidad!<\/p>\n<p><img loading=\"lazy\" decoding=\"async\" class=\"size-medium wp-image-435 alignleft\" src=\"https:\/\/aeca-catequetas.es\/wp-content\/uploads\/2019\/12\/NOCHEBUENA-2019-9-300x200.jpeg\" alt=\"\" width=\"300\" height=\"200\" srcset=\"https:\/\/aeca-catequetas.es\/wp-content\/uploads\/2019\/12\/NOCHEBUENA-2019-9-300x200.jpeg 300w, https:\/\/aeca-catequetas.es\/wp-content\/uploads\/2019\/12\/NOCHEBUENA-2019-9-768x512.jpeg 768w, https:\/\/aeca-catequetas.es\/wp-content\/uploads\/2019\/12\/NOCHEBUENA-2019-9.jpeg 800w\" sizes=\"(max-width: 300px) 100vw, 300px\" \/>En el seno de la madre Iglesia, esta noche ha nacido nuevamente el Hijo de Dios hecho hombre. Su nombre es Jes\u00fas, que significa Dios salva. El Padre, Amor eterno e infinito, lo envi\u00f3 al mundo no para condenarlo, sino para salvarlo (cf.\u00a0<i>Jn<\/i>\u00a03,17). El Padre lo dio, con inmensa misericordia. Lo entreg\u00f3 para todos. Lo dio para siempre. Y \u00c9l naci\u00f3, como peque\u00f1a llama encendida en la oscuridad y en el fr\u00edo de la noche.<\/p>\n<p>Aquel Ni\u00f1o, nacido de la Virgen Mar\u00eda, es la Palabra de Dios hecha carne. La Palabra que orient\u00f3 el coraz\u00f3n y los pasos de Abrah\u00e1n hacia la tierra prometida, y sigue atrayendo a quienes conf\u00edan en las promesas de Dios. La Palabra que guio a los hebreos en el camino de la esclavitud a la libertad, y contin\u00faa llamando a los esclavos de todos los tiempos, tambi\u00e9n hoy, a salir de sus prisiones. Es Palabra, m\u00e1s luminosa que el sol, encarnada en un peque\u00f1o hijo del hombre, Jes\u00fas, luz del mundo.<\/p>\n<p>Por esto el profeta exclama: \u00abEl pueblo que caminaba en tinieblas vio una luz grande\u00bb (<i>Is<\/i>\u00a09,1). S\u00ed, hay tinieblas en los corazones humanos, pero m\u00e1s grande es la luz de Cristo. Hay tinieblas en las relaciones personales, familiares, sociales, pero m\u00e1s grande es la luz de Cristo. Hay tinieblas en los conflictos econ\u00f3micos, geopol\u00edticos y ecol\u00f3gicos, pero m\u00e1s grande es la luz de Cristo.<\/p>\n<p>Que Cristo sea luz para tantos ni\u00f1os que sufren la guerra y los conflictos en Oriente Medio y en diversos pa\u00edses del mundo. Que sea consuelo para el amado pueblo sirio, que todav\u00eda no ve el final de las hostilidades que han desgarrado el pa\u00eds en este decenio. Que remueva las conciencias de los hombres de buena voluntad. Que inspire hoy a los gobernantes y a la comunidad internacional para encontrar soluciones que garanticen la seguridad y la convivencia pac\u00edfica de los pueblos de la regi\u00f3n y ponga fin a sus sufrimientos. Que sea apoyo para el pueblo liban\u00e9s, de este modo pueda salir de la crisis actual y descubra nuevamente su vocaci\u00f3n de ser un mensaje de libertad y de armoniosa coexistencia para todos.<\/p>\n<p>Que el Se\u00f1or Jes\u00fas sea luz para la Tierra Santa donde \u00c9l naci\u00f3, Salvador del mundo, y donde contin\u00faa la espera de tantos que, incluso en la fatiga, pero sin desesperarse, aguardan d\u00edas de paz, de seguridad y de prosperidad. Que sea consolaci\u00f3n para Irak, atravesado por tensiones sociales, y para Yemen, probado por una grave crisis humanitaria.<\/p>\n<p>Que el peque\u00f1o Ni\u00f1o de Bel\u00e9n sea esperanza para todo el continente americano, donde diversas naciones est\u00e1n pasando un per\u00edodo de agitaciones sociales y pol\u00edticas. Que reanime al querido pueblo venezolano, probado largamente por tensiones pol\u00edticas y sociales, y no le haga faltar el auxilio que necesita. Que bendiga los esfuerzos de cuantos se est\u00e1n prodigando para favorecer la justicia y la reconciliaci\u00f3n, y se desvelan para superar las diversas crisis y las numerosas formas de pobreza que ofenden la dignidad de cada persona.<\/p>\n<p>Que el Redentor del mundo sea luz para la querida Ucrania, que aspira a soluciones concretas para alcanzar una paz duradera.<\/p>\n<p>Que el Se\u00f1or reci\u00e9n nacido sea luz para los pueblos de \u00c1frica, donde perduran situaciones sociales y pol\u00edticas que a menudo obligan a las personas a emigrar, priv\u00e1ndolas de una casa y de una familia. Que haya paz para la poblaci\u00f3n que vive en las regiones orientales de la Rep\u00fablica Democr\u00e1tica del Congo, martirizada por conflictos persistentes. Que sea consuelo para cuantos son perseguidos a causa de su fe, especialmente los misioneros y los fieles secuestrados, y para cuantos caen v\u00edctimas de ataques por parte de grupos extremistas, sobre todo en Burkina Faso, Mal\u00ed, N\u00edger y Nigeria.<\/p>\n<p>Que el Hijo de Dios, que baj\u00f3 del cielo a la tierra, sea defensa y apoyo para cuantos, a causa de estas y otras injusticias, deben emigrar con la esperanza de una vida segura. La injusticia los obliga a atravesar desiertos y mares, transformados en cementerios. La injusticia los fuerza a sufrir abusos indecibles, esclavitudes de todo tipo y torturas en campos de detenci\u00f3n inhumanos. La injusticia les niega lugares donde podr\u00edan tener la esperanza de una vida digna y les hace encontrar muros de indiferencia.<\/p>\n<p>Que el Emmanuel sea luz para toda la humanidad herida. Que ablande nuestro coraz\u00f3n, a menudo endurecido y ego\u00edsta, y nos haga instrumentos de su amor. Que, a trav\u00e9s de nuestros pobres rostros, regale su sonrisa a los ni\u00f1os de todo el mundo, especialmente a los abandonados y a los que han sufrido a causa de la violencia. Que, a trav\u00e9s de nuestros brazos d\u00e9biles, vista a los pobres que no tienen con qu\u00e9 cubrirse, d\u00e9 el pan a los hambrientos, cure a los enfermos. Que, por nuestra fr\u00e1gil compa\u00f1\u00eda, est\u00e9 cerca de las personas ancianas y solas, de los migrantes y de los marginados. Que, en este d\u00eda de fiesta, conceda su ternura a todos, e ilumine las tinieblas de este mundo.<\/p>\n<hr size=\"1\" width=\"30%\" \/>\n<p><i>Queridos hermanos y hermanas<\/i>:<\/p>\n<p>Renuevo mi felicitaci\u00f3n de Navidad a todos vosotros, presentes en esta plaza, provenientes de varias partes del mundo; tambi\u00e9n a todos los que, desde diferentes pa\u00edses, nos siguen a trav\u00e9s de la radio, la televisi\u00f3n y otros medios de comunicaci\u00f3n. Os agradezco vuestra presencia en este d\u00eda de alegr\u00eda.<\/p>\n<p>Todos estamos llamados a dar esperanza al mundo, anunciando con palabras y sobre todo con el testimonio de nuestra vida que naci\u00f3 Jes\u00fas, nuestra paz.<\/p>\n<p>Por favor, no os olvid\u00e9is de rezar por m\u00ed. \u00a1Os deseo un buen almuerzo de Navidad! Hasta pronto.<\/p>\n<\/div>\n<div>\n<p><strong>VIDEO DE LA BENDICI\u00d3N URBI ET ORBI del d\u00eda de Navidad:<\/strong><\/p>\n<p><iframe loading=\"lazy\" title=\"Pope Francis-Christmas Message and \u201cUrbi et Orbi\u201d Blessing 2019-12-25\" width=\"1080\" height=\"608\" src=\"https:\/\/www.youtube.com\/embed\/R3P7wHw9aPM?feature=oembed\" frameborder=\"0\" allow=\"accelerometer; autoplay; encrypted-media; gyroscope; picture-in-picture\" allowfullscreen><\/iframe><\/p>\n<\/div>\n","protected":false},"excerpt":{"rendered":"<p>VIDEO DE LA CELEBRACI\u00d3N de la misa de nochebuena TEXTO DE LA HOMIL\u00cdA DEL PAPA de la misa de nochebuena MENSAJE DEL SANTO PADRE EN LA BENDICI\u00d3N URBI ET ORBI del d\u00eda de Navidad VIDEO DE LA BENDICI\u00d3N URBI ET ORBI del d\u00eda de Navidad &nbsp; VIDEO DE LA CELEBRACI\u00d3N de la misa de nochebuena: [&hellip;]<\/p>\n","protected":false},"author":4,"featured_media":432,"comment_status":"open","ping_status":"open","sticky":false,"template":"","format":"standard","meta":{"_et_pb_use_builder":"","_et_pb_old_content":"","_et_gb_content_width":"","footnotes":""},"categories":[3],"tags":[103,105,102,104,106,101,107],"class_list":["post-430","post","type-post","status-publish","format-standard","has-post-thumbnail","hentry","category-noticias","tag-24-de-diciembre-de-2019","tag-25-de-diciembre-de-2019","tag-basilica-vaticana-martes","tag-basilica-vaticana-miercoles","tag-bendicion-urbi-et-orbi-del-dia-de-navidad","tag-homilia-del-santo-padre-francisco","tag-misa-de-nochebuena-de-la-natividad-del-senor","et-has-post-format-content","et_post_format-et-post-format-standard"],"yoast_head":"<!-- This site is optimized with the Yoast SEO plugin v27.5 - https:\/\/yoast.com\/product\/yoast-seo-wordpress\/ -->\n<title>PAPA FRANCISCO: \u00a1Humanidad, Dios te ama, se hizo hombre por ti, ya no est\u00e1s sola! - Asociaci\u00f3n Espa\u00f1ola de Catequetas<\/title>\n<meta name=\"robots\" content=\"index, follow, max-snippet:-1, max-image-preview:large, max-video-preview:-1\" \/>\n<link rel=\"canonical\" href=\"https:\/\/aeca-catequetas.es\/index.php\/2019\/12\/25\/papa-francisco-humanidad-dios-te-ama-se-hizo-hombre-por-ti-ya-no-estas-sola\/\" \/>\n<meta property=\"og:locale\" content=\"es_ES\" \/>\n<meta property=\"og:type\" content=\"article\" \/>\n<meta property=\"og:title\" content=\"PAPA FRANCISCO: \u00a1Humanidad, Dios te ama, se hizo hombre por ti, ya no est\u00e1s sola! - Asociaci\u00f3n Espa\u00f1ola de Catequetas\" \/>\n<meta property=\"og:description\" content=\"VIDEO DE LA CELEBRACI\u00d3N de la misa de nochebuena TEXTO DE LA HOMIL\u00cdA DEL PAPA de la misa de nochebuena MENSAJE DEL SANTO PADRE EN LA BENDICI\u00d3N URBI ET ORBI del d\u00eda de Navidad VIDEO DE LA BENDICI\u00d3N URBI ET ORBI del d\u00eda de Navidad &nbsp; VIDEO DE LA CELEBRACI\u00d3N de la misa de nochebuena: [&hellip;]\" \/>\n<meta property=\"og:url\" content=\"https:\/\/aeca-catequetas.es\/index.php\/2019\/12\/25\/papa-francisco-humanidad-dios-te-ama-se-hizo-hombre-por-ti-ya-no-estas-sola\/\" \/>\n<meta property=\"og:site_name\" content=\"Asociaci\u00f3n Espa\u00f1ola de Catequetas\" \/>\n<meta property=\"article:published_time\" content=\"2019-12-25T18:22:29+00:00\" \/>\n<meta property=\"article:modified_time\" content=\"2019-12-25T19:09:50+00:00\" \/>\n<meta property=\"og:image\" content=\"https:\/\/aeca-catequetas.es\/wp-content\/uploads\/2019\/12\/NOCHEBUENA-2019-6.jpeg\" \/>\n\t<meta property=\"og:image:width\" content=\"800\" \/>\n\t<meta property=\"og:image:height\" content=\"534\" \/>\n\t<meta property=\"og:image:type\" content=\"image\/jpeg\" \/>\n<meta name=\"author\" content=\"webmaster\" \/>\n<meta name=\"twitter:card\" content=\"summary_large_image\" \/>\n<meta name=\"twitter:label1\" content=\"Escrito por\" \/>\n\t<meta name=\"twitter:data1\" content=\"webmaster\" \/>\n\t<meta name=\"twitter:label2\" content=\"Tiempo de lectura\" \/>\n\t<meta name=\"twitter:data2\" content=\"12 minutos\" \/>\n<script type=\"application\/ld+json\" class=\"yoast-schema-graph\">{\"@context\":\"https:\\\/\\\/schema.org\",\"@graph\":[{\"@type\":\"Article\",\"@id\":\"https:\\\/\\\/aeca-catequetas.es\\\/index.php\\\/2019\\\/12\\\/25\\\/papa-francisco-humanidad-dios-te-ama-se-hizo-hombre-por-ti-ya-no-estas-sola\\\/#article\",\"isPartOf\":{\"@id\":\"https:\\\/\\\/aeca-catequetas.es\\\/index.php\\\/2019\\\/12\\\/25\\\/papa-francisco-humanidad-dios-te-ama-se-hizo-hombre-por-ti-ya-no-estas-sola\\\/\"},\"author\":{\"name\":\"webmaster\",\"@id\":\"https:\\\/\\\/aeca-catequetas.es\\\/#\\\/schema\\\/person\\\/510ee7731f0229f7a896e5f62ff53292\"},\"headline\":\"PAPA FRANCISCO: \u00a1Humanidad, Dios te ama, se hizo hombre por ti, ya no est\u00e1s sola!\",\"datePublished\":\"2019-12-25T18:22:29+00:00\",\"dateModified\":\"2019-12-25T19:09:50+00:00\",\"mainEntityOfPage\":{\"@id\":\"https:\\\/\\\/aeca-catequetas.es\\\/index.php\\\/2019\\\/12\\\/25\\\/papa-francisco-humanidad-dios-te-ama-se-hizo-hombre-por-ti-ya-no-estas-sola\\\/\"},\"wordCount\":2502,\"commentCount\":0,\"image\":{\"@id\":\"https:\\\/\\\/aeca-catequetas.es\\\/index.php\\\/2019\\\/12\\\/25\\\/papa-francisco-humanidad-dios-te-ama-se-hizo-hombre-por-ti-ya-no-estas-sola\\\/#primaryimage\"},\"thumbnailUrl\":\"https:\\\/\\\/aeca-catequetas.es\\\/wp-content\\\/uploads\\\/2019\\\/12\\\/NOCHEBUENA-2019-6.jpeg\",\"keywords\":[\"24 de diciembre de 2019\",\"25 de diciembre de 2019\",\"Bas\u00edlica Vaticana Martes\",\"Bas\u00edlica Vaticana Mi\u00e9rcoles\",\"BENDICI\u00d3N URBI ET ORBI del d\u00eda de Navidad\",\"HOMIL\u00cdA DEL SANTO PADRE FRANCISCO\",\"MISA DE NOCHEBUENA DE LA NATIVIDAD DEL SE\u00d1OR\"],\"articleSection\":[\"Noticias\"],\"inLanguage\":\"es\",\"potentialAction\":[{\"@type\":\"CommentAction\",\"name\":\"Comment\",\"target\":[\"https:\\\/\\\/aeca-catequetas.es\\\/index.php\\\/2019\\\/12\\\/25\\\/papa-francisco-humanidad-dios-te-ama-se-hizo-hombre-por-ti-ya-no-estas-sola\\\/#respond\"]}]},{\"@type\":\"WebPage\",\"@id\":\"https:\\\/\\\/aeca-catequetas.es\\\/index.php\\\/2019\\\/12\\\/25\\\/papa-francisco-humanidad-dios-te-ama-se-hizo-hombre-por-ti-ya-no-estas-sola\\\/\",\"url\":\"https:\\\/\\\/aeca-catequetas.es\\\/index.php\\\/2019\\\/12\\\/25\\\/papa-francisco-humanidad-dios-te-ama-se-hizo-hombre-por-ti-ya-no-estas-sola\\\/\",\"name\":\"PAPA FRANCISCO: \u00a1Humanidad, Dios te ama, se hizo hombre por ti, ya no est\u00e1s sola! - Asociaci\u00f3n Espa\u00f1ola de Catequetas\",\"isPartOf\":{\"@id\":\"https:\\\/\\\/aeca-catequetas.es\\\/#website\"},\"primaryImageOfPage\":{\"@id\":\"https:\\\/\\\/aeca-catequetas.es\\\/index.php\\\/2019\\\/12\\\/25\\\/papa-francisco-humanidad-dios-te-ama-se-hizo-hombre-por-ti-ya-no-estas-sola\\\/#primaryimage\"},\"image\":{\"@id\":\"https:\\\/\\\/aeca-catequetas.es\\\/index.php\\\/2019\\\/12\\\/25\\\/papa-francisco-humanidad-dios-te-ama-se-hizo-hombre-por-ti-ya-no-estas-sola\\\/#primaryimage\"},\"thumbnailUrl\":\"https:\\\/\\\/aeca-catequetas.es\\\/wp-content\\\/uploads\\\/2019\\\/12\\\/NOCHEBUENA-2019-6.jpeg\",\"datePublished\":\"2019-12-25T18:22:29+00:00\",\"dateModified\":\"2019-12-25T19:09:50+00:00\",\"author\":{\"@id\":\"https:\\\/\\\/aeca-catequetas.es\\\/#\\\/schema\\\/person\\\/510ee7731f0229f7a896e5f62ff53292\"},\"breadcrumb\":{\"@id\":\"https:\\\/\\\/aeca-catequetas.es\\\/index.php\\\/2019\\\/12\\\/25\\\/papa-francisco-humanidad-dios-te-ama-se-hizo-hombre-por-ti-ya-no-estas-sola\\\/#breadcrumb\"},\"inLanguage\":\"es\",\"potentialAction\":[{\"@type\":\"ReadAction\",\"target\":[\"https:\\\/\\\/aeca-catequetas.es\\\/index.php\\\/2019\\\/12\\\/25\\\/papa-francisco-humanidad-dios-te-ama-se-hizo-hombre-por-ti-ya-no-estas-sola\\\/\"]}]},{\"@type\":\"ImageObject\",\"inLanguage\":\"es\",\"@id\":\"https:\\\/\\\/aeca-catequetas.es\\\/index.php\\\/2019\\\/12\\\/25\\\/papa-francisco-humanidad-dios-te-ama-se-hizo-hombre-por-ti-ya-no-estas-sola\\\/#primaryimage\",\"url\":\"https:\\\/\\\/aeca-catequetas.es\\\/wp-content\\\/uploads\\\/2019\\\/12\\\/NOCHEBUENA-2019-6.jpeg\",\"contentUrl\":\"https:\\\/\\\/aeca-catequetas.es\\\/wp-content\\\/uploads\\\/2019\\\/12\\\/NOCHEBUENA-2019-6.jpeg\",\"width\":800,\"height\":534},{\"@type\":\"BreadcrumbList\",\"@id\":\"https:\\\/\\\/aeca-catequetas.es\\\/index.php\\\/2019\\\/12\\\/25\\\/papa-francisco-humanidad-dios-te-ama-se-hizo-hombre-por-ti-ya-no-estas-sola\\\/#breadcrumb\",\"itemListElement\":[{\"@type\":\"ListItem\",\"position\":1,\"name\":\"Home\",\"item\":\"https:\\\/\\\/aeca-catequetas.es\\\/\"},{\"@type\":\"ListItem\",\"position\":2,\"name\":\"PAPA FRANCISCO: \u00a1Humanidad, Dios te ama, se hizo hombre por ti, ya no est\u00e1s sola!\"}]},{\"@type\":\"WebSite\",\"@id\":\"https:\\\/\\\/aeca-catequetas.es\\\/#website\",\"url\":\"https:\\\/\\\/aeca-catequetas.es\\\/\",\"name\":\"Asociaci\u00f3n Espa\u00f1ola de Catequetas\",\"description\":\"Asociaci\u00f3n Espa\u00f1ola de Catequetas\",\"potentialAction\":[{\"@type\":\"SearchAction\",\"target\":{\"@type\":\"EntryPoint\",\"urlTemplate\":\"https:\\\/\\\/aeca-catequetas.es\\\/?s={search_term_string}\"},\"query-input\":{\"@type\":\"PropertyValueSpecification\",\"valueRequired\":true,\"valueName\":\"search_term_string\"}}],\"inLanguage\":\"es\"},{\"@type\":\"Person\",\"@id\":\"https:\\\/\\\/aeca-catequetas.es\\\/#\\\/schema\\\/person\\\/510ee7731f0229f7a896e5f62ff53292\",\"name\":\"webmaster\",\"image\":{\"@type\":\"ImageObject\",\"inLanguage\":\"es\",\"@id\":\"https:\\\/\\\/secure.gravatar.com\\\/avatar\\\/397ca6d635bf8d8d18cf57a1ce24b4240dbb20b43c094e2f61695671478e7a8d?s=96&d=mm&r=g\",\"url\":\"https:\\\/\\\/secure.gravatar.com\\\/avatar\\\/397ca6d635bf8d8d18cf57a1ce24b4240dbb20b43c094e2f61695671478e7a8d?s=96&d=mm&r=g\",\"contentUrl\":\"https:\\\/\\\/secure.gravatar.com\\\/avatar\\\/397ca6d635bf8d8d18cf57a1ce24b4240dbb20b43c094e2f61695671478e7a8d?s=96&d=mm&r=g\",\"caption\":\"webmaster\"},\"url\":\"https:\\\/\\\/aeca-catequetas.es\\\/index.php\\\/author\\\/manuelbru\\\/\"}]}<\/script>\n<!-- \/ Yoast SEO plugin. -->","yoast_head_json":{"title":"PAPA FRANCISCO: \u00a1Humanidad, Dios te ama, se hizo hombre por ti, ya no est\u00e1s sola! - Asociaci\u00f3n Espa\u00f1ola de Catequetas","robots":{"index":"index","follow":"follow","max-snippet":"max-snippet:-1","max-image-preview":"max-image-preview:large","max-video-preview":"max-video-preview:-1"},"canonical":"https:\/\/aeca-catequetas.es\/index.php\/2019\/12\/25\/papa-francisco-humanidad-dios-te-ama-se-hizo-hombre-por-ti-ya-no-estas-sola\/","og_locale":"es_ES","og_type":"article","og_title":"PAPA FRANCISCO: \u00a1Humanidad, Dios te ama, se hizo hombre por ti, ya no est\u00e1s sola! - Asociaci\u00f3n Espa\u00f1ola de Catequetas","og_description":"VIDEO DE LA CELEBRACI\u00d3N de la misa de nochebuena TEXTO DE LA HOMIL\u00cdA DEL PAPA de la misa de nochebuena MENSAJE DEL SANTO PADRE EN LA BENDICI\u00d3N URBI ET ORBI del d\u00eda de Navidad VIDEO DE LA BENDICI\u00d3N URBI ET ORBI del d\u00eda de Navidad &nbsp; VIDEO DE LA CELEBRACI\u00d3N de la misa de nochebuena: [&hellip;]","og_url":"https:\/\/aeca-catequetas.es\/index.php\/2019\/12\/25\/papa-francisco-humanidad-dios-te-ama-se-hizo-hombre-por-ti-ya-no-estas-sola\/","og_site_name":"Asociaci\u00f3n Espa\u00f1ola de Catequetas","article_published_time":"2019-12-25T18:22:29+00:00","article_modified_time":"2019-12-25T19:09:50+00:00","og_image":[{"width":800,"height":534,"url":"https:\/\/aeca-catequetas.es\/wp-content\/uploads\/2019\/12\/NOCHEBUENA-2019-6.jpeg","type":"image\/jpeg"}],"author":"webmaster","twitter_card":"summary_large_image","twitter_misc":{"Escrito por":"webmaster","Tiempo de lectura":"12 minutos"},"schema":{"@context":"https:\/\/schema.org","@graph":[{"@type":"Article","@id":"https:\/\/aeca-catequetas.es\/index.php\/2019\/12\/25\/papa-francisco-humanidad-dios-te-ama-se-hizo-hombre-por-ti-ya-no-estas-sola\/#article","isPartOf":{"@id":"https:\/\/aeca-catequetas.es\/index.php\/2019\/12\/25\/papa-francisco-humanidad-dios-te-ama-se-hizo-hombre-por-ti-ya-no-estas-sola\/"},"author":{"name":"webmaster","@id":"https:\/\/aeca-catequetas.es\/#\/schema\/person\/510ee7731f0229f7a896e5f62ff53292"},"headline":"PAPA FRANCISCO: \u00a1Humanidad, Dios te ama, se hizo hombre por ti, ya no est\u00e1s sola!","datePublished":"2019-12-25T18:22:29+00:00","dateModified":"2019-12-25T19:09:50+00:00","mainEntityOfPage":{"@id":"https:\/\/aeca-catequetas.es\/index.php\/2019\/12\/25\/papa-francisco-humanidad-dios-te-ama-se-hizo-hombre-por-ti-ya-no-estas-sola\/"},"wordCount":2502,"commentCount":0,"image":{"@id":"https:\/\/aeca-catequetas.es\/index.php\/2019\/12\/25\/papa-francisco-humanidad-dios-te-ama-se-hizo-hombre-por-ti-ya-no-estas-sola\/#primaryimage"},"thumbnailUrl":"https:\/\/aeca-catequetas.es\/wp-content\/uploads\/2019\/12\/NOCHEBUENA-2019-6.jpeg","keywords":["24 de diciembre de 2019","25 de diciembre de 2019","Bas\u00edlica Vaticana Martes","Bas\u00edlica Vaticana Mi\u00e9rcoles","BENDICI\u00d3N URBI ET ORBI del d\u00eda de Navidad","HOMIL\u00cdA DEL SANTO PADRE FRANCISCO","MISA DE NOCHEBUENA DE LA NATIVIDAD DEL SE\u00d1OR"],"articleSection":["Noticias"],"inLanguage":"es","potentialAction":[{"@type":"CommentAction","name":"Comment","target":["https:\/\/aeca-catequetas.es\/index.php\/2019\/12\/25\/papa-francisco-humanidad-dios-te-ama-se-hizo-hombre-por-ti-ya-no-estas-sola\/#respond"]}]},{"@type":"WebPage","@id":"https:\/\/aeca-catequetas.es\/index.php\/2019\/12\/25\/papa-francisco-humanidad-dios-te-ama-se-hizo-hombre-por-ti-ya-no-estas-sola\/","url":"https:\/\/aeca-catequetas.es\/index.php\/2019\/12\/25\/papa-francisco-humanidad-dios-te-ama-se-hizo-hombre-por-ti-ya-no-estas-sola\/","name":"PAPA FRANCISCO: \u00a1Humanidad, Dios te ama, se hizo hombre por ti, ya no est\u00e1s sola! - Asociaci\u00f3n Espa\u00f1ola de Catequetas","isPartOf":{"@id":"https:\/\/aeca-catequetas.es\/#website"},"primaryImageOfPage":{"@id":"https:\/\/aeca-catequetas.es\/index.php\/2019\/12\/25\/papa-francisco-humanidad-dios-te-ama-se-hizo-hombre-por-ti-ya-no-estas-sola\/#primaryimage"},"image":{"@id":"https:\/\/aeca-catequetas.es\/index.php\/2019\/12\/25\/papa-francisco-humanidad-dios-te-ama-se-hizo-hombre-por-ti-ya-no-estas-sola\/#primaryimage"},"thumbnailUrl":"https:\/\/aeca-catequetas.es\/wp-content\/uploads\/2019\/12\/NOCHEBUENA-2019-6.jpeg","datePublished":"2019-12-25T18:22:29+00:00","dateModified":"2019-12-25T19:09:50+00:00","author":{"@id":"https:\/\/aeca-catequetas.es\/#\/schema\/person\/510ee7731f0229f7a896e5f62ff53292"},"breadcrumb":{"@id":"https:\/\/aeca-catequetas.es\/index.php\/2019\/12\/25\/papa-francisco-humanidad-dios-te-ama-se-hizo-hombre-por-ti-ya-no-estas-sola\/#breadcrumb"},"inLanguage":"es","potentialAction":[{"@type":"ReadAction","target":["https:\/\/aeca-catequetas.es\/index.php\/2019\/12\/25\/papa-francisco-humanidad-dios-te-ama-se-hizo-hombre-por-ti-ya-no-estas-sola\/"]}]},{"@type":"ImageObject","inLanguage":"es","@id":"https:\/\/aeca-catequetas.es\/index.php\/2019\/12\/25\/papa-francisco-humanidad-dios-te-ama-se-hizo-hombre-por-ti-ya-no-estas-sola\/#primaryimage","url":"https:\/\/aeca-catequetas.es\/wp-content\/uploads\/2019\/12\/NOCHEBUENA-2019-6.jpeg","contentUrl":"https:\/\/aeca-catequetas.es\/wp-content\/uploads\/2019\/12\/NOCHEBUENA-2019-6.jpeg","width":800,"height":534},{"@type":"BreadcrumbList","@id":"https:\/\/aeca-catequetas.es\/index.php\/2019\/12\/25\/papa-francisco-humanidad-dios-te-ama-se-hizo-hombre-por-ti-ya-no-estas-sola\/#breadcrumb","itemListElement":[{"@type":"ListItem","position":1,"name":"Home","item":"https:\/\/aeca-catequetas.es\/"},{"@type":"ListItem","position":2,"name":"PAPA FRANCISCO: \u00a1Humanidad, Dios te ama, se hizo hombre por ti, ya no est\u00e1s sola!"}]},{"@type":"WebSite","@id":"https:\/\/aeca-catequetas.es\/#website","url":"https:\/\/aeca-catequetas.es\/","name":"Asociaci\u00f3n Espa\u00f1ola de Catequetas","description":"Asociaci\u00f3n Espa\u00f1ola de Catequetas","potentialAction":[{"@type":"SearchAction","target":{"@type":"EntryPoint","urlTemplate":"https:\/\/aeca-catequetas.es\/?s={search_term_string}"},"query-input":{"@type":"PropertyValueSpecification","valueRequired":true,"valueName":"search_term_string"}}],"inLanguage":"es"},{"@type":"Person","@id":"https:\/\/aeca-catequetas.es\/#\/schema\/person\/510ee7731f0229f7a896e5f62ff53292","name":"webmaster","image":{"@type":"ImageObject","inLanguage":"es","@id":"https:\/\/secure.gravatar.com\/avatar\/397ca6d635bf8d8d18cf57a1ce24b4240dbb20b43c094e2f61695671478e7a8d?s=96&d=mm&r=g","url":"https:\/\/secure.gravatar.com\/avatar\/397ca6d635bf8d8d18cf57a1ce24b4240dbb20b43c094e2f61695671478e7a8d?s=96&d=mm&r=g","contentUrl":"https:\/\/secure.gravatar.com\/avatar\/397ca6d635bf8d8d18cf57a1ce24b4240dbb20b43c094e2f61695671478e7a8d?s=96&d=mm&r=g","caption":"webmaster"},"url":"https:\/\/aeca-catequetas.es\/index.php\/author\/manuelbru\/"}]}},"jetpack_featured_media_url":"https:\/\/aeca-catequetas.es\/wp-content\/uploads\/2019\/12\/NOCHEBUENA-2019-6.jpeg","_links":{"self":[{"href":"https:\/\/aeca-catequetas.es\/index.php\/wp-json\/wp\/v2\/posts\/430","targetHints":{"allow":["GET"]}}],"collection":[{"href":"https:\/\/aeca-catequetas.es\/index.php\/wp-json\/wp\/v2\/posts"}],"about":[{"href":"https:\/\/aeca-catequetas.es\/index.php\/wp-json\/wp\/v2\/types\/post"}],"author":[{"embeddable":true,"href":"https:\/\/aeca-catequetas.es\/index.php\/wp-json\/wp\/v2\/users\/4"}],"replies":[{"embeddable":true,"href":"https:\/\/aeca-catequetas.es\/index.php\/wp-json\/wp\/v2\/comments?post=430"}],"version-history":[{"count":15,"href":"https:\/\/aeca-catequetas.es\/index.php\/wp-json\/wp\/v2\/posts\/430\/revisions"}],"predecessor-version":[{"id":448,"href":"https:\/\/aeca-catequetas.es\/index.php\/wp-json\/wp\/v2\/posts\/430\/revisions\/448"}],"wp:featuredmedia":[{"embeddable":true,"href":"https:\/\/aeca-catequetas.es\/index.php\/wp-json\/wp\/v2\/media\/432"}],"wp:attachment":[{"href":"https:\/\/aeca-catequetas.es\/index.php\/wp-json\/wp\/v2\/media?parent=430"}],"wp:term":[{"taxonomy":"category","embeddable":true,"href":"https:\/\/aeca-catequetas.es\/index.php\/wp-json\/wp\/v2\/categories?post=430"},{"taxonomy":"post_tag","embeddable":true,"href":"https:\/\/aeca-catequetas.es\/index.php\/wp-json\/wp\/v2\/tags?post=430"}],"curies":[{"name":"wp","href":"https:\/\/api.w.org\/{rel}","templated":true}]}}