{"id":284,"date":"2019-12-01T19:30:37","date_gmt":"2019-12-01T18:30:37","guid":{"rendered":"https:\/\/aeca.archimadrid.es\/?p=284"},"modified":"2019-12-01T19:30:37","modified_gmt":"2019-12-01T18:30:37","slug":"cuaderno-aeca-no-7-hablar-de-salvacion-en-la-catequesis-de-hoy-septiembre-2012","status":"publish","type":"post","link":"https:\/\/aeca-catequetas.es\/index.php\/2019\/12\/01\/cuaderno-aeca-no-7-hablar-de-salvacion-en-la-catequesis-de-hoy-septiembre-2012\/","title":{"rendered":"CUADERNO AECA N\u00ba 7: HABLAR DE SALVACI\u00d3N EN LA CATEQUESIS DE HOY, septiembre 2012"},"content":{"rendered":"<div class=\"commerce-product-extra-field commerce-product-extra-field-title node-201-product-title\">\n<div class=\"commerce-product-title\"><strong><img loading=\"lazy\" decoding=\"async\" class=\"size-medium wp-image-285 alignleft\" src=\"https:\/\/aeca-catequetas.es\/wp-content\/uploads\/2019\/12\/PORTADA-CUADERNO-AECA-7-214x300.jpg\" alt=\"\" width=\"214\" height=\"300\" srcset=\"https:\/\/aeca-catequetas.es\/wp-content\/uploads\/2019\/12\/PORTADA-CUADERNO-AECA-7-214x300.jpg 214w, https:\/\/aeca-catequetas.es\/wp-content\/uploads\/2019\/12\/PORTADA-CUADERNO-AECA-7.jpg 342w\" sizes=\"(max-width: 214px) 100vw, 214px\" \/>Hablar de la \u00absalvaci\u00f3n\u00bb en la catequesis de hoy<\/strong><\/div>\n<div class=\"commerce-product-title\"><strong>S\u00e9ptimo libro de la serie Cuadernos AECA para dar respuesta a los interrogantes de creyentes y no creyentes sobre el tema de la salvaci\u00f3n.<\/strong><\/div>\n<\/div>\n<div class=\"field field-name-field-sm-ecat-sinopsis field-type-text-long field-label-hidden field-wrapper\">\n<div><\/div>\n<div>En la actualidad, las personas se afanan en la b\u00fasqueda de la felicidad m\u00e1s que en la esperanza de salvaci\u00f3n.<br \/>\n\u00bfQu\u00e9 salvaci\u00f3n cabe esperar en una sociedad en la que Dios es el gran extra\u00f1o? \u00bfNo se ha cansado ya el ser humano de esperar? Incluso, yendo m\u00e1s all\u00e1, \u00bfacaso muchos cristianos esperan algo? \u00bfSe habla de la salvaci\u00f3n en la catequesis? \u00bfDa miedo hablar de ello porque a la gente no le dice nada la palabra salvaci\u00f3n? \u00bfQu\u00e9 felicidad ofrece Jesucristo?<br \/>\nLas Bienaventuranzas de Jes\u00fas de Nazaret son para los cristianos la carta magna de la felicidad. Desde ellas, podemos afirmar que la originalidad de la \u00e9tica cristiana se resume en \u201clograr que en este mundo haya menos sufrimiento y m\u00e1s felicidad\u201d.<br \/>\nEn la catequesis, lo m\u00e1s importante no es comunicar nociones o doctrinas, sino iniciar a la experiencia de la fe. De ah\u00ed que, para anunciar el mensaje de la salvaci\u00f3n, lo m\u00e1s decisivo es ofrecer, contagiar y ayudar a vivir experiencias de salvaci\u00f3n convincentes. La catequesis ha de narrar y comunicar experiencias de gente salvada, constatables aqu\u00ed y ahora, cercanas al contexto de la propia comunidad y del propio ambiente de vida. Esto resulta hoy m\u00e1s necesario que nunca.<\/div>\n<\/div>\n<div class=\"row collapse\">\n<div class=\"semipanel-left large-6 medium-12 columns\">\n<div class=\"row\">\n<div class=\"field field-name-field-sm-ecat-autores field-type-taxonomy-term-reference field-label-inline clearfix field-wrapper\">\n<div><\/div>\n<div class=\"field-label\"><strong>Autor<\/strong><span class=\"colon\"><strong>:<\/strong> Juan Pablo Garc\u00eda Mastro<\/span><\/div>\n<\/div>\n<\/div>\n<\/div>\n<\/div>\n","protected":false},"excerpt":{"rendered":"<p>Hablar de la \u00absalvaci\u00f3n\u00bb en la catequesis de hoy S\u00e9ptimo libro de la serie Cuadernos AECA para dar respuesta a los interrogantes de creyentes y no creyentes sobre el tema de la salvaci\u00f3n. En la actualidad, las personas se afanan en la b\u00fasqueda de la felicidad m\u00e1s que en la esperanza de salvaci\u00f3n. \u00bfQu\u00e9 salvaci\u00f3n [&hellip;]<\/p>\n","protected":false},"author":4,"featured_media":286,"comment_status":"open","ping_status":"open","sticky":false,"template":"","format":"standard","meta":{"_et_pb_use_builder":"","_et_pb_old_content":"","_et_gb_content_width":"","footnotes":""},"categories":[6],"tags":[32,59,48,60],"class_list":["post-284","post","type-post","status-publish","format-standard","has-post-thumbnail","hentry","category-cuadernos-aeca","tag-asociacion-espanola-de-catequetas","tag-cuaderno-aeca-no-7","tag-ediotrial-ppc","tag-hablar-de-salvacion-en-la-catequesis-de-hoy","et-has-post-format-content","et_post_format-et-post-format-standard"],"yoast_head":"<!-- This site is optimized with the Yoast SEO plugin v27.5 - https:\/\/yoast.com\/product\/yoast-seo-wordpress\/ -->\n<title>CUADERNO AECA N\u00ba 7: HABLAR DE SALVACI\u00d3N EN LA CATEQUESIS DE HOY, septiembre 2012 - Asociaci\u00f3n Espa\u00f1ola de Catequetas<\/title>\n<meta name=\"robots\" content=\"index, follow, max-snippet:-1, max-image-preview:large, max-video-preview:-1\" \/>\n<link rel=\"canonical\" href=\"https:\/\/aeca-catequetas.es\/index.php\/2019\/12\/01\/cuaderno-aeca-no-7-hablar-de-salvacion-en-la-catequesis-de-hoy-septiembre-2012\/\" \/>\n<meta property=\"og:locale\" content=\"es_ES\" \/>\n<meta property=\"og:type\" content=\"article\" \/>\n<meta property=\"og:title\" content=\"CUADERNO AECA N\u00ba 7: HABLAR DE SALVACI\u00d3N EN LA CATEQUESIS DE HOY, septiembre 2012 - Asociaci\u00f3n Espa\u00f1ola de Catequetas\" \/>\n<meta property=\"og:description\" content=\"Hablar de la \u00absalvaci\u00f3n\u00bb en la catequesis de hoy S\u00e9ptimo libro de la serie Cuadernos AECA para dar respuesta a los interrogantes de creyentes y no creyentes sobre el tema de la salvaci\u00f3n. En la actualidad, las personas se afanan en la b\u00fasqueda de la felicidad m\u00e1s que en la esperanza de salvaci\u00f3n. \u00bfQu\u00e9 salvaci\u00f3n [&hellip;]\" \/>\n<meta property=\"og:url\" content=\"https:\/\/aeca-catequetas.es\/index.php\/2019\/12\/01\/cuaderno-aeca-no-7-hablar-de-salvacion-en-la-catequesis-de-hoy-septiembre-2012\/\" \/>\n<meta property=\"og:site_name\" content=\"Asociaci\u00f3n Espa\u00f1ola de Catequetas\" \/>\n<meta property=\"article:published_time\" content=\"2019-12-01T18:30:37+00:00\" \/>\n<meta property=\"og:image\" content=\"https:\/\/aeca-catequetas.es\/wp-content\/uploads\/2019\/12\/CAPTURA-PORTADA-CUADERNO-AECA-7.png\" \/>\n\t<meta property=\"og:image:width\" content=\"330\" \/>\n\t<meta property=\"og:image:height\" content=\"158\" \/>\n\t<meta property=\"og:image:type\" content=\"image\/png\" \/>\n<meta name=\"author\" content=\"webmaster\" \/>\n<meta name=\"twitter:card\" content=\"summary_large_image\" \/>\n<meta name=\"twitter:label1\" content=\"Escrito por\" \/>\n\t<meta name=\"twitter:data1\" content=\"webmaster\" \/>\n\t<meta name=\"twitter:label2\" content=\"Tiempo de lectura\" \/>\n\t<meta name=\"twitter:data2\" content=\"1 minuto\" \/>\n<script type=\"application\/ld+json\" class=\"yoast-schema-graph\">{\"@context\":\"https:\\\/\\\/schema.org\",\"@graph\":[{\"@type\":\"Article\",\"@id\":\"https:\\\/\\\/aeca-catequetas.es\\\/index.php\\\/2019\\\/12\\\/01\\\/cuaderno-aeca-no-7-hablar-de-salvacion-en-la-catequesis-de-hoy-septiembre-2012\\\/#article\",\"isPartOf\":{\"@id\":\"https:\\\/\\\/aeca-catequetas.es\\\/index.php\\\/2019\\\/12\\\/01\\\/cuaderno-aeca-no-7-hablar-de-salvacion-en-la-catequesis-de-hoy-septiembre-2012\\\/\"},\"author\":{\"name\":\"webmaster\",\"@id\":\"https:\\\/\\\/aeca-catequetas.es\\\/#\\\/schema\\\/person\\\/510ee7731f0229f7a896e5f62ff53292\"},\"headline\":\"CUADERNO AECA N\u00ba 7: HABLAR DE SALVACI\u00d3N EN LA CATEQUESIS DE HOY, septiembre 2012\",\"datePublished\":\"2019-12-01T18:30:37+00:00\",\"mainEntityOfPage\":{\"@id\":\"https:\\\/\\\/aeca-catequetas.es\\\/index.php\\\/2019\\\/12\\\/01\\\/cuaderno-aeca-no-7-hablar-de-salvacion-en-la-catequesis-de-hoy-septiembre-2012\\\/\"},\"wordCount\":272,\"commentCount\":0,\"image\":{\"@id\":\"https:\\\/\\\/aeca-catequetas.es\\\/index.php\\\/2019\\\/12\\\/01\\\/cuaderno-aeca-no-7-hablar-de-salvacion-en-la-catequesis-de-hoy-septiembre-2012\\\/#primaryimage\"},\"thumbnailUrl\":\"https:\\\/\\\/aeca-catequetas.es\\\/wp-content\\\/uploads\\\/2019\\\/12\\\/CAPTURA-PORTADA-CUADERNO-AECA-7.png\",\"keywords\":[\"Asociaci\u00f3n Espa\u00f1ola de Catequetas\",\"CUADERNO AECA N\u00ba 7\",\"EDIOTRIAL PPC\",\"HABLAR DE SALVACI\u00d3N EN LA CATEQUESIS DE HOY\"],\"articleSection\":[\"Cuadernos AECA\"],\"inLanguage\":\"es\",\"potentialAction\":[{\"@type\":\"CommentAction\",\"name\":\"Comment\",\"target\":[\"https:\\\/\\\/aeca-catequetas.es\\\/index.php\\\/2019\\\/12\\\/01\\\/cuaderno-aeca-no-7-hablar-de-salvacion-en-la-catequesis-de-hoy-septiembre-2012\\\/#respond\"]}]},{\"@type\":\"WebPage\",\"@id\":\"https:\\\/\\\/aeca-catequetas.es\\\/index.php\\\/2019\\\/12\\\/01\\\/cuaderno-aeca-no-7-hablar-de-salvacion-en-la-catequesis-de-hoy-septiembre-2012\\\/\",\"url\":\"https:\\\/\\\/aeca-catequetas.es\\\/index.php\\\/2019\\\/12\\\/01\\\/cuaderno-aeca-no-7-hablar-de-salvacion-en-la-catequesis-de-hoy-septiembre-2012\\\/\",\"name\":\"CUADERNO AECA N\u00ba 7: HABLAR DE SALVACI\u00d3N EN LA CATEQUESIS DE HOY, septiembre 2012 - Asociaci\u00f3n Espa\u00f1ola de Catequetas\",\"isPartOf\":{\"@id\":\"https:\\\/\\\/aeca-catequetas.es\\\/#website\"},\"primaryImageOfPage\":{\"@id\":\"https:\\\/\\\/aeca-catequetas.es\\\/index.php\\\/2019\\\/12\\\/01\\\/cuaderno-aeca-no-7-hablar-de-salvacion-en-la-catequesis-de-hoy-septiembre-2012\\\/#primaryimage\"},\"image\":{\"@id\":\"https:\\\/\\\/aeca-catequetas.es\\\/index.php\\\/2019\\\/12\\\/01\\\/cuaderno-aeca-no-7-hablar-de-salvacion-en-la-catequesis-de-hoy-septiembre-2012\\\/#primaryimage\"},\"thumbnailUrl\":\"https:\\\/\\\/aeca-catequetas.es\\\/wp-content\\\/uploads\\\/2019\\\/12\\\/CAPTURA-PORTADA-CUADERNO-AECA-7.png\",\"datePublished\":\"2019-12-01T18:30:37+00:00\",\"author\":{\"@id\":\"https:\\\/\\\/aeca-catequetas.es\\\/#\\\/schema\\\/person\\\/510ee7731f0229f7a896e5f62ff53292\"},\"breadcrumb\":{\"@id\":\"https:\\\/\\\/aeca-catequetas.es\\\/index.php\\\/2019\\\/12\\\/01\\\/cuaderno-aeca-no-7-hablar-de-salvacion-en-la-catequesis-de-hoy-septiembre-2012\\\/#breadcrumb\"},\"inLanguage\":\"es\",\"potentialAction\":[{\"@type\":\"ReadAction\",\"target\":[\"https:\\\/\\\/aeca-catequetas.es\\\/index.php\\\/2019\\\/12\\\/01\\\/cuaderno-aeca-no-7-hablar-de-salvacion-en-la-catequesis-de-hoy-septiembre-2012\\\/\"]}]},{\"@type\":\"ImageObject\",\"inLanguage\":\"es\",\"@id\":\"https:\\\/\\\/aeca-catequetas.es\\\/index.php\\\/2019\\\/12\\\/01\\\/cuaderno-aeca-no-7-hablar-de-salvacion-en-la-catequesis-de-hoy-septiembre-2012\\\/#primaryimage\",\"url\":\"https:\\\/\\\/aeca-catequetas.es\\\/wp-content\\\/uploads\\\/2019\\\/12\\\/CAPTURA-PORTADA-CUADERNO-AECA-7.png\",\"contentUrl\":\"https:\\\/\\\/aeca-catequetas.es\\\/wp-content\\\/uploads\\\/2019\\\/12\\\/CAPTURA-PORTADA-CUADERNO-AECA-7.png\",\"width\":330,\"height\":158},{\"@type\":\"BreadcrumbList\",\"@id\":\"https:\\\/\\\/aeca-catequetas.es\\\/index.php\\\/2019\\\/12\\\/01\\\/cuaderno-aeca-no-7-hablar-de-salvacion-en-la-catequesis-de-hoy-septiembre-2012\\\/#breadcrumb\",\"itemListElement\":[{\"@type\":\"ListItem\",\"position\":1,\"name\":\"Home\",\"item\":\"https:\\\/\\\/aeca-catequetas.es\\\/\"},{\"@type\":\"ListItem\",\"position\":2,\"name\":\"CUADERNO AECA N\u00ba 7: HABLAR DE SALVACI\u00d3N EN LA CATEQUESIS DE HOY, septiembre 2012\"}]},{\"@type\":\"WebSite\",\"@id\":\"https:\\\/\\\/aeca-catequetas.es\\\/#website\",\"url\":\"https:\\\/\\\/aeca-catequetas.es\\\/\",\"name\":\"Asociaci\u00f3n Espa\u00f1ola de Catequetas\",\"description\":\"Asociaci\u00f3n Espa\u00f1ola de Catequetas\",\"potentialAction\":[{\"@type\":\"SearchAction\",\"target\":{\"@type\":\"EntryPoint\",\"urlTemplate\":\"https:\\\/\\\/aeca-catequetas.es\\\/?s={search_term_string}\"},\"query-input\":{\"@type\":\"PropertyValueSpecification\",\"valueRequired\":true,\"valueName\":\"search_term_string\"}}],\"inLanguage\":\"es\"},{\"@type\":\"Person\",\"@id\":\"https:\\\/\\\/aeca-catequetas.es\\\/#\\\/schema\\\/person\\\/510ee7731f0229f7a896e5f62ff53292\",\"name\":\"webmaster\",\"image\":{\"@type\":\"ImageObject\",\"inLanguage\":\"es\",\"@id\":\"https:\\\/\\\/secure.gravatar.com\\\/avatar\\\/397ca6d635bf8d8d18cf57a1ce24b4240dbb20b43c094e2f61695671478e7a8d?s=96&d=mm&r=g\",\"url\":\"https:\\\/\\\/secure.gravatar.com\\\/avatar\\\/397ca6d635bf8d8d18cf57a1ce24b4240dbb20b43c094e2f61695671478e7a8d?s=96&d=mm&r=g\",\"contentUrl\":\"https:\\\/\\\/secure.gravatar.com\\\/avatar\\\/397ca6d635bf8d8d18cf57a1ce24b4240dbb20b43c094e2f61695671478e7a8d?s=96&d=mm&r=g\",\"caption\":\"webmaster\"},\"url\":\"https:\\\/\\\/aeca-catequetas.es\\\/index.php\\\/author\\\/manuelbru\\\/\"}]}<\/script>\n<!-- \/ Yoast SEO plugin. -->","yoast_head_json":{"title":"CUADERNO AECA N\u00ba 7: HABLAR DE SALVACI\u00d3N EN LA CATEQUESIS DE HOY, septiembre 2012 - Asociaci\u00f3n Espa\u00f1ola de Catequetas","robots":{"index":"index","follow":"follow","max-snippet":"max-snippet:-1","max-image-preview":"max-image-preview:large","max-video-preview":"max-video-preview:-1"},"canonical":"https:\/\/aeca-catequetas.es\/index.php\/2019\/12\/01\/cuaderno-aeca-no-7-hablar-de-salvacion-en-la-catequesis-de-hoy-septiembre-2012\/","og_locale":"es_ES","og_type":"article","og_title":"CUADERNO AECA N\u00ba 7: HABLAR DE SALVACI\u00d3N EN LA CATEQUESIS DE HOY, septiembre 2012 - Asociaci\u00f3n Espa\u00f1ola de Catequetas","og_description":"Hablar de la \u00absalvaci\u00f3n\u00bb en la catequesis de hoy S\u00e9ptimo libro de la serie Cuadernos AECA para dar respuesta a los interrogantes de creyentes y no creyentes sobre el tema de la salvaci\u00f3n. En la actualidad, las personas se afanan en la b\u00fasqueda de la felicidad m\u00e1s que en la esperanza de salvaci\u00f3n. \u00bfQu\u00e9 salvaci\u00f3n [&hellip;]","og_url":"https:\/\/aeca-catequetas.es\/index.php\/2019\/12\/01\/cuaderno-aeca-no-7-hablar-de-salvacion-en-la-catequesis-de-hoy-septiembre-2012\/","og_site_name":"Asociaci\u00f3n Espa\u00f1ola de Catequetas","article_published_time":"2019-12-01T18:30:37+00:00","og_image":[{"width":330,"height":158,"url":"https:\/\/aeca-catequetas.es\/wp-content\/uploads\/2019\/12\/CAPTURA-PORTADA-CUADERNO-AECA-7.png","type":"image\/png"}],"author":"webmaster","twitter_card":"summary_large_image","twitter_misc":{"Escrito por":"webmaster","Tiempo de lectura":"1 minuto"},"schema":{"@context":"https:\/\/schema.org","@graph":[{"@type":"Article","@id":"https:\/\/aeca-catequetas.es\/index.php\/2019\/12\/01\/cuaderno-aeca-no-7-hablar-de-salvacion-en-la-catequesis-de-hoy-septiembre-2012\/#article","isPartOf":{"@id":"https:\/\/aeca-catequetas.es\/index.php\/2019\/12\/01\/cuaderno-aeca-no-7-hablar-de-salvacion-en-la-catequesis-de-hoy-septiembre-2012\/"},"author":{"name":"webmaster","@id":"https:\/\/aeca-catequetas.es\/#\/schema\/person\/510ee7731f0229f7a896e5f62ff53292"},"headline":"CUADERNO AECA N\u00ba 7: HABLAR DE SALVACI\u00d3N EN LA CATEQUESIS DE HOY, septiembre 2012","datePublished":"2019-12-01T18:30:37+00:00","mainEntityOfPage":{"@id":"https:\/\/aeca-catequetas.es\/index.php\/2019\/12\/01\/cuaderno-aeca-no-7-hablar-de-salvacion-en-la-catequesis-de-hoy-septiembre-2012\/"},"wordCount":272,"commentCount":0,"image":{"@id":"https:\/\/aeca-catequetas.es\/index.php\/2019\/12\/01\/cuaderno-aeca-no-7-hablar-de-salvacion-en-la-catequesis-de-hoy-septiembre-2012\/#primaryimage"},"thumbnailUrl":"https:\/\/aeca-catequetas.es\/wp-content\/uploads\/2019\/12\/CAPTURA-PORTADA-CUADERNO-AECA-7.png","keywords":["Asociaci\u00f3n Espa\u00f1ola de Catequetas","CUADERNO AECA N\u00ba 7","EDIOTRIAL PPC","HABLAR DE SALVACI\u00d3N EN LA CATEQUESIS DE HOY"],"articleSection":["Cuadernos AECA"],"inLanguage":"es","potentialAction":[{"@type":"CommentAction","name":"Comment","target":["https:\/\/aeca-catequetas.es\/index.php\/2019\/12\/01\/cuaderno-aeca-no-7-hablar-de-salvacion-en-la-catequesis-de-hoy-septiembre-2012\/#respond"]}]},{"@type":"WebPage","@id":"https:\/\/aeca-catequetas.es\/index.php\/2019\/12\/01\/cuaderno-aeca-no-7-hablar-de-salvacion-en-la-catequesis-de-hoy-septiembre-2012\/","url":"https:\/\/aeca-catequetas.es\/index.php\/2019\/12\/01\/cuaderno-aeca-no-7-hablar-de-salvacion-en-la-catequesis-de-hoy-septiembre-2012\/","name":"CUADERNO AECA N\u00ba 7: HABLAR DE SALVACI\u00d3N EN LA CATEQUESIS DE HOY, septiembre 2012 - Asociaci\u00f3n Espa\u00f1ola de Catequetas","isPartOf":{"@id":"https:\/\/aeca-catequetas.es\/#website"},"primaryImageOfPage":{"@id":"https:\/\/aeca-catequetas.es\/index.php\/2019\/12\/01\/cuaderno-aeca-no-7-hablar-de-salvacion-en-la-catequesis-de-hoy-septiembre-2012\/#primaryimage"},"image":{"@id":"https:\/\/aeca-catequetas.es\/index.php\/2019\/12\/01\/cuaderno-aeca-no-7-hablar-de-salvacion-en-la-catequesis-de-hoy-septiembre-2012\/#primaryimage"},"thumbnailUrl":"https:\/\/aeca-catequetas.es\/wp-content\/uploads\/2019\/12\/CAPTURA-PORTADA-CUADERNO-AECA-7.png","datePublished":"2019-12-01T18:30:37+00:00","author":{"@id":"https:\/\/aeca-catequetas.es\/#\/schema\/person\/510ee7731f0229f7a896e5f62ff53292"},"breadcrumb":{"@id":"https:\/\/aeca-catequetas.es\/index.php\/2019\/12\/01\/cuaderno-aeca-no-7-hablar-de-salvacion-en-la-catequesis-de-hoy-septiembre-2012\/#breadcrumb"},"inLanguage":"es","potentialAction":[{"@type":"ReadAction","target":["https:\/\/aeca-catequetas.es\/index.php\/2019\/12\/01\/cuaderno-aeca-no-7-hablar-de-salvacion-en-la-catequesis-de-hoy-septiembre-2012\/"]}]},{"@type":"ImageObject","inLanguage":"es","@id":"https:\/\/aeca-catequetas.es\/index.php\/2019\/12\/01\/cuaderno-aeca-no-7-hablar-de-salvacion-en-la-catequesis-de-hoy-septiembre-2012\/#primaryimage","url":"https:\/\/aeca-catequetas.es\/wp-content\/uploads\/2019\/12\/CAPTURA-PORTADA-CUADERNO-AECA-7.png","contentUrl":"https:\/\/aeca-catequetas.es\/wp-content\/uploads\/2019\/12\/CAPTURA-PORTADA-CUADERNO-AECA-7.png","width":330,"height":158},{"@type":"BreadcrumbList","@id":"https:\/\/aeca-catequetas.es\/index.php\/2019\/12\/01\/cuaderno-aeca-no-7-hablar-de-salvacion-en-la-catequesis-de-hoy-septiembre-2012\/#breadcrumb","itemListElement":[{"@type":"ListItem","position":1,"name":"Home","item":"https:\/\/aeca-catequetas.es\/"},{"@type":"ListItem","position":2,"name":"CUADERNO AECA N\u00ba 7: HABLAR DE SALVACI\u00d3N EN LA CATEQUESIS DE HOY, septiembre 2012"}]},{"@type":"WebSite","@id":"https:\/\/aeca-catequetas.es\/#website","url":"https:\/\/aeca-catequetas.es\/","name":"Asociaci\u00f3n Espa\u00f1ola de Catequetas","description":"Asociaci\u00f3n Espa\u00f1ola de Catequetas","potentialAction":[{"@type":"SearchAction","target":{"@type":"EntryPoint","urlTemplate":"https:\/\/aeca-catequetas.es\/?s={search_term_string}"},"query-input":{"@type":"PropertyValueSpecification","valueRequired":true,"valueName":"search_term_string"}}],"inLanguage":"es"},{"@type":"Person","@id":"https:\/\/aeca-catequetas.es\/#\/schema\/person\/510ee7731f0229f7a896e5f62ff53292","name":"webmaster","image":{"@type":"ImageObject","inLanguage":"es","@id":"https:\/\/secure.gravatar.com\/avatar\/397ca6d635bf8d8d18cf57a1ce24b4240dbb20b43c094e2f61695671478e7a8d?s=96&d=mm&r=g","url":"https:\/\/secure.gravatar.com\/avatar\/397ca6d635bf8d8d18cf57a1ce24b4240dbb20b43c094e2f61695671478e7a8d?s=96&d=mm&r=g","contentUrl":"https:\/\/secure.gravatar.com\/avatar\/397ca6d635bf8d8d18cf57a1ce24b4240dbb20b43c094e2f61695671478e7a8d?s=96&d=mm&r=g","caption":"webmaster"},"url":"https:\/\/aeca-catequetas.es\/index.php\/author\/manuelbru\/"}]}},"jetpack_featured_media_url":"https:\/\/aeca-catequetas.es\/wp-content\/uploads\/2019\/12\/CAPTURA-PORTADA-CUADERNO-AECA-7.png","_links":{"self":[{"href":"https:\/\/aeca-catequetas.es\/index.php\/wp-json\/wp\/v2\/posts\/284","targetHints":{"allow":["GET"]}}],"collection":[{"href":"https:\/\/aeca-catequetas.es\/index.php\/wp-json\/wp\/v2\/posts"}],"about":[{"href":"https:\/\/aeca-catequetas.es\/index.php\/wp-json\/wp\/v2\/types\/post"}],"author":[{"embeddable":true,"href":"https:\/\/aeca-catequetas.es\/index.php\/wp-json\/wp\/v2\/users\/4"}],"replies":[{"embeddable":true,"href":"https:\/\/aeca-catequetas.es\/index.php\/wp-json\/wp\/v2\/comments?post=284"}],"version-history":[{"count":1,"href":"https:\/\/aeca-catequetas.es\/index.php\/wp-json\/wp\/v2\/posts\/284\/revisions"}],"predecessor-version":[{"id":287,"href":"https:\/\/aeca-catequetas.es\/index.php\/wp-json\/wp\/v2\/posts\/284\/revisions\/287"}],"wp:featuredmedia":[{"embeddable":true,"href":"https:\/\/aeca-catequetas.es\/index.php\/wp-json\/wp\/v2\/media\/286"}],"wp:attachment":[{"href":"https:\/\/aeca-catequetas.es\/index.php\/wp-json\/wp\/v2\/media?parent=284"}],"wp:term":[{"taxonomy":"category","embeddable":true,"href":"https:\/\/aeca-catequetas.es\/index.php\/wp-json\/wp\/v2\/categories?post=284"},{"taxonomy":"post_tag","embeddable":true,"href":"https:\/\/aeca-catequetas.es\/index.php\/wp-json\/wp\/v2\/tags?post=284"}],"curies":[{"name":"wp","href":"https:\/\/api.w.org\/{rel}","templated":true}]}}