{"id":1383,"date":"2024-02-21T23:25:13","date_gmt":"2024-02-21T22:25:13","guid":{"rendered":"https:\/\/aeca-catequetas.es\/?p=1383"},"modified":"2024-02-22T10:49:06","modified_gmt":"2024-02-22T09:49:06","slug":"1383","status":"publish","type":"post","link":"https:\/\/aeca-catequetas.es\/index.php\/2024\/02\/21\/1383\/","title":{"rendered":"JORNADAS AECA 2021 (EN CONTEXTO DE CORONAVIRUS)"},"content":{"rendered":"<h2>JORNADAS AECA 2021<\/h2>\n<p>PROGRAMA<\/p>\n<p>D\u00eda 6 de diciembre, sesi\u00f3n de ma\u00f1ana: de 11.00 h a 13.00 h<\/p>\n<p>Orden del d\u00eda &#8211; V\u00eddeo preparado sobre las Jornadas anteriores (2019)<br \/>\n&#8211; Saludo de bienvenida. \u00c1lvaro Ginel.<br \/>\n&#8211; Oraci\u00f3n: J.M. P\u00e9rez<br \/>\n&#8211; Mesa redonda: La catequesis y los catequistas<\/p>\n<ul>\n<li>M.M. Bru, moderador.<\/li>\n<li>Miguel L\u00f3pez Varela (dimensi\u00f3n te\u00f3rica);<\/li>\n<li>A la espera de concretar (entre la teor\u00eda y la pr\u00e1ctica):<\/li>\n<li>A la espera de concretar (la relaci\u00f3n con los catequistas)<\/li>\n<li>Rosa Abad, (la experiencia de una catequista de base)<\/li>\n<\/ul>\n<p>&#8211; Final de la sesi\u00f3n y cierre<\/p>\n","protected":false},"excerpt":{"rendered":"<p>JORNADAS AECA 2021 PROGRAMA D\u00eda 6 de diciembre, sesi\u00f3n de ma\u00f1ana: de 11.00 h a 13.00 h Orden del d\u00eda &#8211; V\u00eddeo preparado sobre las Jornadas anteriores (2019) &#8211; Saludo de bienvenida. \u00c1lvaro Ginel. &#8211; Oraci\u00f3n: J.M. P\u00e9rez &#8211; Mesa redonda: La catequesis y los catequistas M.M. Bru, moderador. Miguel L\u00f3pez Varela (dimensi\u00f3n te\u00f3rica); A [&hellip;]<\/p>\n","protected":false},"author":5,"featured_media":1385,"comment_status":"open","ping_status":"open","sticky":false,"template":"","format":"standard","meta":{"_et_pb_use_builder":"","_et_pb_old_content":"","_et_gb_content_width":"","footnotes":""},"categories":[4],"tags":[32,171,311],"class_list":["post-1383","post","type-post","status-publish","format-standard","has-post-thumbnail","hentry","category-jornadas-aeca","tag-asociacion-espanola-de-catequetas","tag-catequesis-y-pandemia","tag-jornadas-aeca-2021","et-has-post-format-content","et_post_format-et-post-format-standard"],"yoast_head":"<!-- This site is optimized with the Yoast SEO plugin v27.4 - https:\/\/yoast.com\/product\/yoast-seo-wordpress\/ -->\n<title>JORNADAS AECA 2021 (EN CONTEXTO DE CORONAVIRUS) - Asociaci\u00f3n Espa\u00f1ola de Catequetas<\/title>\n<meta name=\"robots\" content=\"index, follow, max-snippet:-1, max-image-preview:large, max-video-preview:-1\" \/>\n<link rel=\"canonical\" href=\"https:\/\/aeca-catequetas.es\/index.php\/2024\/02\/21\/1383\/\" \/>\n<meta property=\"og:locale\" content=\"es_ES\" \/>\n<meta property=\"og:type\" content=\"article\" \/>\n<meta property=\"og:title\" content=\"JORNADAS AECA 2021 (EN CONTEXTO DE CORONAVIRUS) - Asociaci\u00f3n Espa\u00f1ola de Catequetas\" \/>\n<meta property=\"og:description\" content=\"JORNADAS AECA 2021 PROGRAMA D\u00eda 6 de diciembre, sesi\u00f3n de ma\u00f1ana: de 11.00 h a 13.00 h Orden del d\u00eda &#8211; V\u00eddeo preparado sobre las Jornadas anteriores (2019) &#8211; Saludo de bienvenida. \u00c1lvaro Ginel. &#8211; Oraci\u00f3n: J.M. P\u00e9rez &#8211; Mesa redonda: La catequesis y los catequistas M.M. Bru, moderador. Miguel L\u00f3pez Varela (dimensi\u00f3n te\u00f3rica); A [&hellip;]\" \/>\n<meta property=\"og:url\" content=\"https:\/\/aeca-catequetas.es\/index.php\/2024\/02\/21\/1383\/\" \/>\n<meta property=\"og:site_name\" content=\"Asociaci\u00f3n Espa\u00f1ola de Catequetas\" \/>\n<meta property=\"article:published_time\" content=\"2024-02-21T22:25:13+00:00\" \/>\n<meta property=\"article:modified_time\" content=\"2024-02-22T09:49:06+00:00\" \/>\n<meta property=\"og:image\" content=\"https:\/\/aeca-catequetas.es\/wp-content\/uploads\/2024\/02\/CORONAVIRUS.jpg\" \/>\n\t<meta property=\"og:image:width\" content=\"768\" \/>\n\t<meta property=\"og:image:height\" content=\"406\" \/>\n\t<meta property=\"og:image:type\" content=\"image\/jpeg\" \/>\n<meta name=\"author\" content=\"Aeca Catequetas\" \/>\n<meta name=\"twitter:card\" content=\"summary_large_image\" \/>\n<meta name=\"twitter:label1\" content=\"Escrito por\" \/>\n\t<meta name=\"twitter:data1\" content=\"Aeca Catequetas\" \/>\n\t<meta name=\"twitter:label2\" content=\"Tiempo de lectura\" \/>\n\t<meta name=\"twitter:data2\" content=\"1 minuto\" \/>\n<script type=\"application\/ld+json\" class=\"yoast-schema-graph\">{\"@context\":\"https:\\\/\\\/schema.org\",\"@graph\":[{\"@type\":\"Article\",\"@id\":\"https:\\\/\\\/aeca-catequetas.es\\\/index.php\\\/2024\\\/02\\\/21\\\/1383\\\/#article\",\"isPartOf\":{\"@id\":\"https:\\\/\\\/aeca-catequetas.es\\\/index.php\\\/2024\\\/02\\\/21\\\/1383\\\/\"},\"author\":{\"name\":\"Aeca Catequetas\",\"@id\":\"https:\\\/\\\/aeca-catequetas.es\\\/#\\\/schema\\\/person\\\/ba70e7639870e7757de25e4b49b84f45\"},\"headline\":\"JORNADAS AECA 2021 (EN CONTEXTO DE CORONAVIRUS)\",\"datePublished\":\"2024-02-21T22:25:13+00:00\",\"dateModified\":\"2024-02-22T09:49:06+00:00\",\"mainEntityOfPage\":{\"@id\":\"https:\\\/\\\/aeca-catequetas.es\\\/index.php\\\/2024\\\/02\\\/21\\\/1383\\\/\"},\"wordCount\":108,\"commentCount\":0,\"image\":{\"@id\":\"https:\\\/\\\/aeca-catequetas.es\\\/index.php\\\/2024\\\/02\\\/21\\\/1383\\\/#primaryimage\"},\"thumbnailUrl\":\"https:\\\/\\\/aeca-catequetas.es\\\/wp-content\\\/uploads\\\/2024\\\/02\\\/CORONAVIRUS.jpg\",\"keywords\":[\"Asociaci\u00f3n Espa\u00f1ola de Catequetas\",\"CATEQUESIS Y PANDEMIA\",\"JORNADAS AECA 2021\"],\"articleSection\":[\"Jornadas AECA\"],\"inLanguage\":\"es\",\"potentialAction\":[{\"@type\":\"CommentAction\",\"name\":\"Comment\",\"target\":[\"https:\\\/\\\/aeca-catequetas.es\\\/index.php\\\/2024\\\/02\\\/21\\\/1383\\\/#respond\"]}]},{\"@type\":\"WebPage\",\"@id\":\"https:\\\/\\\/aeca-catequetas.es\\\/index.php\\\/2024\\\/02\\\/21\\\/1383\\\/\",\"url\":\"https:\\\/\\\/aeca-catequetas.es\\\/index.php\\\/2024\\\/02\\\/21\\\/1383\\\/\",\"name\":\"JORNADAS AECA 2021 (EN CONTEXTO DE CORONAVIRUS) - Asociaci\u00f3n Espa\u00f1ola de Catequetas\",\"isPartOf\":{\"@id\":\"https:\\\/\\\/aeca-catequetas.es\\\/#website\"},\"primaryImageOfPage\":{\"@id\":\"https:\\\/\\\/aeca-catequetas.es\\\/index.php\\\/2024\\\/02\\\/21\\\/1383\\\/#primaryimage\"},\"image\":{\"@id\":\"https:\\\/\\\/aeca-catequetas.es\\\/index.php\\\/2024\\\/02\\\/21\\\/1383\\\/#primaryimage\"},\"thumbnailUrl\":\"https:\\\/\\\/aeca-catequetas.es\\\/wp-content\\\/uploads\\\/2024\\\/02\\\/CORONAVIRUS.jpg\",\"datePublished\":\"2024-02-21T22:25:13+00:00\",\"dateModified\":\"2024-02-22T09:49:06+00:00\",\"author\":{\"@id\":\"https:\\\/\\\/aeca-catequetas.es\\\/#\\\/schema\\\/person\\\/ba70e7639870e7757de25e4b49b84f45\"},\"breadcrumb\":{\"@id\":\"https:\\\/\\\/aeca-catequetas.es\\\/index.php\\\/2024\\\/02\\\/21\\\/1383\\\/#breadcrumb\"},\"inLanguage\":\"es\",\"potentialAction\":[{\"@type\":\"ReadAction\",\"target\":[\"https:\\\/\\\/aeca-catequetas.es\\\/index.php\\\/2024\\\/02\\\/21\\\/1383\\\/\"]}]},{\"@type\":\"ImageObject\",\"inLanguage\":\"es\",\"@id\":\"https:\\\/\\\/aeca-catequetas.es\\\/index.php\\\/2024\\\/02\\\/21\\\/1383\\\/#primaryimage\",\"url\":\"https:\\\/\\\/aeca-catequetas.es\\\/wp-content\\\/uploads\\\/2024\\\/02\\\/CORONAVIRUS.jpg\",\"contentUrl\":\"https:\\\/\\\/aeca-catequetas.es\\\/wp-content\\\/uploads\\\/2024\\\/02\\\/CORONAVIRUS.jpg\",\"width\":768,\"height\":406},{\"@type\":\"BreadcrumbList\",\"@id\":\"https:\\\/\\\/aeca-catequetas.es\\\/index.php\\\/2024\\\/02\\\/21\\\/1383\\\/#breadcrumb\",\"itemListElement\":[{\"@type\":\"ListItem\",\"position\":1,\"name\":\"Home\",\"item\":\"https:\\\/\\\/aeca-catequetas.es\\\/\"},{\"@type\":\"ListItem\",\"position\":2,\"name\":\"JORNADAS AECA 2021 (EN CONTEXTO DE CORONAVIRUS)\"}]},{\"@type\":\"WebSite\",\"@id\":\"https:\\\/\\\/aeca-catequetas.es\\\/#website\",\"url\":\"https:\\\/\\\/aeca-catequetas.es\\\/\",\"name\":\"Asociaci\u00f3n Espa\u00f1ola de Catequetas\",\"description\":\"Asociaci\u00f3n Espa\u00f1ola de Catequetas\",\"potentialAction\":[{\"@type\":\"SearchAction\",\"target\":{\"@type\":\"EntryPoint\",\"urlTemplate\":\"https:\\\/\\\/aeca-catequetas.es\\\/?s={search_term_string}\"},\"query-input\":{\"@type\":\"PropertyValueSpecification\",\"valueRequired\":true,\"valueName\":\"search_term_string\"}}],\"inLanguage\":\"es\"},{\"@type\":\"Person\",\"@id\":\"https:\\\/\\\/aeca-catequetas.es\\\/#\\\/schema\\\/person\\\/ba70e7639870e7757de25e4b49b84f45\",\"name\":\"Aeca Catequetas\",\"image\":{\"@type\":\"ImageObject\",\"inLanguage\":\"es\",\"@id\":\"https:\\\/\\\/secure.gravatar.com\\\/avatar\\\/343e6b4e3d8ed1e439b990eda103d7d2fe28c3b21baab145e03d6e79a5fa91ee?s=96&d=mm&r=g\",\"url\":\"https:\\\/\\\/secure.gravatar.com\\\/avatar\\\/343e6b4e3d8ed1e439b990eda103d7d2fe28c3b21baab145e03d6e79a5fa91ee?s=96&d=mm&r=g\",\"contentUrl\":\"https:\\\/\\\/secure.gravatar.com\\\/avatar\\\/343e6b4e3d8ed1e439b990eda103d7d2fe28c3b21baab145e03d6e79a5fa91ee?s=96&d=mm&r=g\",\"caption\":\"Aeca Catequetas\"},\"url\":\"https:\\\/\\\/aeca-catequetas.es\\\/index.php\\\/author\\\/aeca\\\/\"}]}<\/script>\n<!-- \/ Yoast SEO plugin. -->","yoast_head_json":{"title":"JORNADAS AECA 2021 (EN CONTEXTO DE CORONAVIRUS) - Asociaci\u00f3n Espa\u00f1ola de Catequetas","robots":{"index":"index","follow":"follow","max-snippet":"max-snippet:-1","max-image-preview":"max-image-preview:large","max-video-preview":"max-video-preview:-1"},"canonical":"https:\/\/aeca-catequetas.es\/index.php\/2024\/02\/21\/1383\/","og_locale":"es_ES","og_type":"article","og_title":"JORNADAS AECA 2021 (EN CONTEXTO DE CORONAVIRUS) - Asociaci\u00f3n Espa\u00f1ola de Catequetas","og_description":"JORNADAS AECA 2021 PROGRAMA D\u00eda 6 de diciembre, sesi\u00f3n de ma\u00f1ana: de 11.00 h a 13.00 h Orden del d\u00eda &#8211; V\u00eddeo preparado sobre las Jornadas anteriores (2019) &#8211; Saludo de bienvenida. \u00c1lvaro Ginel. &#8211; Oraci\u00f3n: J.M. P\u00e9rez &#8211; Mesa redonda: La catequesis y los catequistas M.M. Bru, moderador. Miguel L\u00f3pez Varela (dimensi\u00f3n te\u00f3rica); A [&hellip;]","og_url":"https:\/\/aeca-catequetas.es\/index.php\/2024\/02\/21\/1383\/","og_site_name":"Asociaci\u00f3n Espa\u00f1ola de Catequetas","article_published_time":"2024-02-21T22:25:13+00:00","article_modified_time":"2024-02-22T09:49:06+00:00","og_image":[{"width":768,"height":406,"url":"https:\/\/aeca-catequetas.es\/wp-content\/uploads\/2024\/02\/CORONAVIRUS.jpg","type":"image\/jpeg"}],"author":"Aeca Catequetas","twitter_card":"summary_large_image","twitter_misc":{"Escrito por":"Aeca Catequetas","Tiempo de lectura":"1 minuto"},"schema":{"@context":"https:\/\/schema.org","@graph":[{"@type":"Article","@id":"https:\/\/aeca-catequetas.es\/index.php\/2024\/02\/21\/1383\/#article","isPartOf":{"@id":"https:\/\/aeca-catequetas.es\/index.php\/2024\/02\/21\/1383\/"},"author":{"name":"Aeca Catequetas","@id":"https:\/\/aeca-catequetas.es\/#\/schema\/person\/ba70e7639870e7757de25e4b49b84f45"},"headline":"JORNADAS AECA 2021 (EN CONTEXTO DE CORONAVIRUS)","datePublished":"2024-02-21T22:25:13+00:00","dateModified":"2024-02-22T09:49:06+00:00","mainEntityOfPage":{"@id":"https:\/\/aeca-catequetas.es\/index.php\/2024\/02\/21\/1383\/"},"wordCount":108,"commentCount":0,"image":{"@id":"https:\/\/aeca-catequetas.es\/index.php\/2024\/02\/21\/1383\/#primaryimage"},"thumbnailUrl":"https:\/\/aeca-catequetas.es\/wp-content\/uploads\/2024\/02\/CORONAVIRUS.jpg","keywords":["Asociaci\u00f3n Espa\u00f1ola de Catequetas","CATEQUESIS Y PANDEMIA","JORNADAS AECA 2021"],"articleSection":["Jornadas AECA"],"inLanguage":"es","potentialAction":[{"@type":"CommentAction","name":"Comment","target":["https:\/\/aeca-catequetas.es\/index.php\/2024\/02\/21\/1383\/#respond"]}]},{"@type":"WebPage","@id":"https:\/\/aeca-catequetas.es\/index.php\/2024\/02\/21\/1383\/","url":"https:\/\/aeca-catequetas.es\/index.php\/2024\/02\/21\/1383\/","name":"JORNADAS AECA 2021 (EN CONTEXTO DE CORONAVIRUS) - Asociaci\u00f3n Espa\u00f1ola de Catequetas","isPartOf":{"@id":"https:\/\/aeca-catequetas.es\/#website"},"primaryImageOfPage":{"@id":"https:\/\/aeca-catequetas.es\/index.php\/2024\/02\/21\/1383\/#primaryimage"},"image":{"@id":"https:\/\/aeca-catequetas.es\/index.php\/2024\/02\/21\/1383\/#primaryimage"},"thumbnailUrl":"https:\/\/aeca-catequetas.es\/wp-content\/uploads\/2024\/02\/CORONAVIRUS.jpg","datePublished":"2024-02-21T22:25:13+00:00","dateModified":"2024-02-22T09:49:06+00:00","author":{"@id":"https:\/\/aeca-catequetas.es\/#\/schema\/person\/ba70e7639870e7757de25e4b49b84f45"},"breadcrumb":{"@id":"https:\/\/aeca-catequetas.es\/index.php\/2024\/02\/21\/1383\/#breadcrumb"},"inLanguage":"es","potentialAction":[{"@type":"ReadAction","target":["https:\/\/aeca-catequetas.es\/index.php\/2024\/02\/21\/1383\/"]}]},{"@type":"ImageObject","inLanguage":"es","@id":"https:\/\/aeca-catequetas.es\/index.php\/2024\/02\/21\/1383\/#primaryimage","url":"https:\/\/aeca-catequetas.es\/wp-content\/uploads\/2024\/02\/CORONAVIRUS.jpg","contentUrl":"https:\/\/aeca-catequetas.es\/wp-content\/uploads\/2024\/02\/CORONAVIRUS.jpg","width":768,"height":406},{"@type":"BreadcrumbList","@id":"https:\/\/aeca-catequetas.es\/index.php\/2024\/02\/21\/1383\/#breadcrumb","itemListElement":[{"@type":"ListItem","position":1,"name":"Home","item":"https:\/\/aeca-catequetas.es\/"},{"@type":"ListItem","position":2,"name":"JORNADAS AECA 2021 (EN CONTEXTO DE CORONAVIRUS)"}]},{"@type":"WebSite","@id":"https:\/\/aeca-catequetas.es\/#website","url":"https:\/\/aeca-catequetas.es\/","name":"Asociaci\u00f3n Espa\u00f1ola de Catequetas","description":"Asociaci\u00f3n Espa\u00f1ola de Catequetas","potentialAction":[{"@type":"SearchAction","target":{"@type":"EntryPoint","urlTemplate":"https:\/\/aeca-catequetas.es\/?s={search_term_string}"},"query-input":{"@type":"PropertyValueSpecification","valueRequired":true,"valueName":"search_term_string"}}],"inLanguage":"es"},{"@type":"Person","@id":"https:\/\/aeca-catequetas.es\/#\/schema\/person\/ba70e7639870e7757de25e4b49b84f45","name":"Aeca Catequetas","image":{"@type":"ImageObject","inLanguage":"es","@id":"https:\/\/secure.gravatar.com\/avatar\/343e6b4e3d8ed1e439b990eda103d7d2fe28c3b21baab145e03d6e79a5fa91ee?s=96&d=mm&r=g","url":"https:\/\/secure.gravatar.com\/avatar\/343e6b4e3d8ed1e439b990eda103d7d2fe28c3b21baab145e03d6e79a5fa91ee?s=96&d=mm&r=g","contentUrl":"https:\/\/secure.gravatar.com\/avatar\/343e6b4e3d8ed1e439b990eda103d7d2fe28c3b21baab145e03d6e79a5fa91ee?s=96&d=mm&r=g","caption":"Aeca Catequetas"},"url":"https:\/\/aeca-catequetas.es\/index.php\/author\/aeca\/"}]}},"jetpack_featured_media_url":"https:\/\/aeca-catequetas.es\/wp-content\/uploads\/2024\/02\/CORONAVIRUS.jpg","_links":{"self":[{"href":"https:\/\/aeca-catequetas.es\/index.php\/wp-json\/wp\/v2\/posts\/1383","targetHints":{"allow":["GET"]}}],"collection":[{"href":"https:\/\/aeca-catequetas.es\/index.php\/wp-json\/wp\/v2\/posts"}],"about":[{"href":"https:\/\/aeca-catequetas.es\/index.php\/wp-json\/wp\/v2\/types\/post"}],"author":[{"embeddable":true,"href":"https:\/\/aeca-catequetas.es\/index.php\/wp-json\/wp\/v2\/users\/5"}],"replies":[{"embeddable":true,"href":"https:\/\/aeca-catequetas.es\/index.php\/wp-json\/wp\/v2\/comments?post=1383"}],"version-history":[{"count":4,"href":"https:\/\/aeca-catequetas.es\/index.php\/wp-json\/wp\/v2\/posts\/1383\/revisions"}],"predecessor-version":[{"id":1388,"href":"https:\/\/aeca-catequetas.es\/index.php\/wp-json\/wp\/v2\/posts\/1383\/revisions\/1388"}],"wp:featuredmedia":[{"embeddable":true,"href":"https:\/\/aeca-catequetas.es\/index.php\/wp-json\/wp\/v2\/media\/1385"}],"wp:attachment":[{"href":"https:\/\/aeca-catequetas.es\/index.php\/wp-json\/wp\/v2\/media?parent=1383"}],"wp:term":[{"taxonomy":"category","embeddable":true,"href":"https:\/\/aeca-catequetas.es\/index.php\/wp-json\/wp\/v2\/categories?post=1383"},{"taxonomy":"post_tag","embeddable":true,"href":"https:\/\/aeca-catequetas.es\/index.php\/wp-json\/wp\/v2\/tags?post=1383"}],"curies":[{"name":"wp","href":"https:\/\/api.w.org\/{rel}","templated":true}]}}