{"id":108,"date":"2019-11-23T18:11:16","date_gmt":"2019-11-23T17:11:16","guid":{"rendered":"https:\/\/aeca.archimadrid.es\/?p=108"},"modified":"2019-11-23T18:11:18","modified_gmt":"2019-11-23T17:11:18","slug":"congreso-del-catecumenado-en-paris","status":"publish","type":"post","link":"https:\/\/aeca-catequetas.es\/index.php\/2019\/11\/23\/congreso-del-catecumenado-en-paris\/","title":{"rendered":"Congreso del catecumenado en Par\u00eds"},"content":{"rendered":"\n<p>Por su inter\u00e9s para todos los catequetas, informamos del programa del Congreso Internacional del Catecumenado que tendr\u00e1 lugar en Par\u00eds, del 15 al 17 de abril 2020. Los interesados en asistir, podr\u00e1n ponerse en contacto con la direcci\u00f3n de AECA.<\/p>\n\n\n\n<p><strong>CONGRESO INTERNACIONAL\nDE CATECUMENADO. PARIS<\/strong><\/p>\n\n\n\n<p><strong>15-17 de abril 2020<\/strong><\/p>\n\n\n\n<p><strong>Acoger y acompa\u00f1ar a los catec\u00famenos en una\nIglesia en crisis<br>\n<br>\n<\/strong><\/p>\n\n\n\n<p><strong>Mi\u00e9rcoles. 15 de abril (tarde)<\/strong><\/p>\n\n\n\n<p><strong>14.00:<\/strong> Apertura (Walter Krieger y Jo\u00ebl Molinario)<\/p>\n\n\n\n<p>&nbsp;&nbsp;&nbsp;&nbsp;&nbsp;&nbsp;&nbsp;&nbsp;&nbsp;&nbsp; Presidente de la CECC (Mgr. Jordy)<\/p>\n\n\n\n<p><strong>14.30:<\/strong> Apertura espiritual (con ocasi\u00f3n de la octava\nde Pascua, la resurrecci\u00f3n\u2026 Corina Combet-Galland, biblista protestante)<\/p>\n\n\n\n<ol class=\"wp-block-list\"><li><strong>Nombrar la crisis<\/strong><\/li><\/ol>\n\n\n\n<p><strong>15.00:<\/strong> \u201cEuropa, tierra de misi\u00f3n\u201d (Thomas Halik)<\/p>\n\n\n\n<p><strong>15.40:<\/strong> Pausa<\/p>\n\n\n\n<p><strong>16.00:<\/strong> \u201cLa crisis de los abusos sexuales en la Iglesia\ncat\u00f3lica\u201d (Karlijn Desmasure)<\/p>\n\n\n\n<p><strong>16.40:<\/strong> Intercambio con los dos conferenciantes<\/p>\n\n\n\n<p><strong>17.15:<\/strong> Problematizaci\u00f3n: \u201cLa crisis y el catecumenado\u201d\n(Roland Lacroix)<\/p>\n\n\n\n<p><strong>17.45:<\/strong> Final<\/p>\n\n\n\n<p><strong>18.00:<\/strong> Iglesia de los Carmelitas, V\u00edsperas, liturgia\nde la luz (Isa\u00efa Gazzola)<\/p>\n\n\n\n<p><strong>18.30:<\/strong> Aperivo. Cocktail<\/p>\n\n\n\n<p><strong>16 de abril, jueves<\/strong><\/p>\n\n\n\n<p><strong>8.30<\/strong>: Laudes (Isa\u00efa Gazzola)<\/p>\n\n\n\n<p><strong>2. Atravesar la crisis<\/strong><\/p>\n\n\n\n<p><strong>9.10:<\/strong> Elogio de la crisis<\/p>\n\n\n\n<p><strong>9.50:<\/strong> Cuerpo, espacio, palabra\u2026 el RICA como ayuda\npara superar la crisis<\/p>\n\n\n\n<p><strong>10.30:<\/strong> Pausa<\/p>\n\n\n\n<p><strong>11.00:<\/strong> Talleres<\/p>\n\n\n\n<p>Los\nlugares donde la crisis se manifiesta<\/p>\n\n\n\n<ul class=\"wp-block-list\"><li>La acogida y el\nacompa\u00f1amiento<\/li><li>La\nministerialidad (funciones y ministerios)<\/li><li>La\nritualidad<\/li><li>La\nreligiosidad popular y la piedad popular<\/li><li>La\nPalabra de Dios<\/li><li>Autoridad, libertad y\ndiscernimiento<\/li><\/ul>\n\n\n\n<p><strong>12.30:<\/strong> Pausa. Comida<\/p>\n\n\n\n<p><strong>14.00:<\/strong> Renunciar a toda forma de clericalismo (Michel\nDavide Semeraro)<\/p>\n\n\n\n<p><strong>14.40:<\/strong> El acompa\u00f1amiento en el catecumenado, fuente\npara atravesar la crisis (Claire Bernier)<\/p>\n\n\n\n<p><strong>15.20:<\/strong> Intercambio<\/p>\n\n\n\n<p><strong>15.40:<\/strong> Pausa<\/p>\n\n\n\n<p><strong>16.00:<\/strong> Taller. 2\u00ba momento<\/p>\n\n\n\n<p><strong>18.00:<\/strong> Fin de los talleres, encuentro entre los\nanimadores del taller para preparar la s\u00edntesis<\/p>\n\n\n\n<p><strong>17 abril, viernes<\/strong><\/p>\n\n\n\n<p><strong>8.30:<\/strong> Laudes (Isa\u00efa Gazzola)<\/p>\n\n\n\n<p><strong>3. Fecundidad de la\ncrisis<\/strong><\/p>\n\n\n\n<p><strong>9.10:<\/strong> La crisis forma parte de la historia de la\nIglesia: \u00bfFecundidad posible? (Jean-Luc Pouthier)<\/p>\n\n\n\n<p><strong>9.50:<\/strong> Fecundidad del modelo catecumenal en tiempos de\ncrisis (sacramentos, atenci\u00f3n a los itinerarios, piedad popular\u2026) (Isabelle\nParmentier)<\/p>\n\n\n\n<p>Intercambio<\/p>\n\n\n\n<p><strong>10.50:<\/strong> Pausa<\/p>\n\n\n\n<p><strong>11.10:<\/strong> S\u00edntesis de los talleres<\/p>\n\n\n\n<p><strong>11.30:<\/strong> Relectura del Congreso (Marco Gallo)<\/p>\n\n\n\n<p><strong>11.50<\/strong>: Elogio de la sed (Enzo Bianchi)<\/p>\n\n\n\n<p><strong>12.30:<\/strong> Agradecimientos<\/p>\n\n\n\n<p>&nbsp;&nbsp;&nbsp;&nbsp;&nbsp;&nbsp;&nbsp;&nbsp;&nbsp;&nbsp; Bendici\u00f3n de env\u00edo (Isa\u00efa Gazzola) <br>\n<br>\n<br>\n<\/p>\n","protected":false},"excerpt":{"rendered":"<p>Por su inter\u00e9s para todos los catequetas, informamos del programa del Congreso Internacional del Catecumenado que tendr\u00e1 lugar en Par\u00eds, del 15 al 17 de abril 2020. Los interesados en asistir, podr\u00e1n ponerse en contacto con la direcci\u00f3n de AECA. CONGRESO INTERNACIONAL DE CATECUMENADO. PARIS 15-17 de abril 2020 Acoger y acompa\u00f1ar a los catec\u00famenos [&hellip;]<\/p>\n","protected":false},"author":4,"featured_media":109,"comment_status":"open","ping_status":"open","sticky":false,"template":"","format":"standard","meta":{"_et_pb_use_builder":"","_et_pb_old_content":"","_et_gb_content_width":"","footnotes":""},"categories":[3],"tags":[],"class_list":["post-108","post","type-post","status-publish","format-standard","has-post-thumbnail","hentry","category-noticias","et-has-post-format-content","et_post_format-et-post-format-standard"],"yoast_head":"<!-- This site is optimized with the Yoast SEO plugin v27.5 - https:\/\/yoast.com\/product\/yoast-seo-wordpress\/ -->\n<title>Congreso del catecumenado en Par\u00eds - Asociaci\u00f3n Espa\u00f1ola de Catequetas<\/title>\n<meta name=\"robots\" content=\"index, follow, max-snippet:-1, max-image-preview:large, max-video-preview:-1\" \/>\n<link rel=\"canonical\" href=\"https:\/\/aeca-catequetas.es\/index.php\/2019\/11\/23\/congreso-del-catecumenado-en-paris\/\" \/>\n<meta property=\"og:locale\" content=\"es_ES\" \/>\n<meta property=\"og:type\" content=\"article\" \/>\n<meta property=\"og:title\" content=\"Congreso del catecumenado en Par\u00eds - Asociaci\u00f3n Espa\u00f1ola de Catequetas\" \/>\n<meta property=\"og:description\" content=\"Por su inter\u00e9s para todos los catequetas, informamos del programa del Congreso Internacional del Catecumenado que tendr\u00e1 lugar en Par\u00eds, del 15 al 17 de abril 2020. Los interesados en asistir, podr\u00e1n ponerse en contacto con la direcci\u00f3n de AECA. CONGRESO INTERNACIONAL DE CATECUMENADO. PARIS 15-17 de abril 2020 Acoger y acompa\u00f1ar a los catec\u00famenos [&hellip;]\" \/>\n<meta property=\"og:url\" content=\"https:\/\/aeca-catequetas.es\/index.php\/2019\/11\/23\/congreso-del-catecumenado-en-paris\/\" \/>\n<meta property=\"og:site_name\" content=\"Asociaci\u00f3n Espa\u00f1ola de Catequetas\" \/>\n<meta property=\"article:published_time\" content=\"2019-11-23T17:11:16+00:00\" \/>\n<meta property=\"article:modified_time\" content=\"2019-11-23T17:11:18+00:00\" \/>\n<meta property=\"og:image\" content=\"https:\/\/aeca-catequetas.es\/wp-content\/uploads\/2019\/11\/notedram.jpg\" \/>\n\t<meta property=\"og:image:width\" content=\"1600\" \/>\n\t<meta property=\"og:image:height\" content=\"840\" \/>\n\t<meta property=\"og:image:type\" content=\"image\/jpeg\" \/>\n<meta name=\"author\" content=\"webmaster\" \/>\n<meta name=\"twitter:card\" content=\"summary_large_image\" \/>\n<meta name=\"twitter:label1\" content=\"Escrito por\" \/>\n\t<meta name=\"twitter:data1\" content=\"webmaster\" \/>\n\t<meta name=\"twitter:label2\" content=\"Tiempo de lectura\" \/>\n\t<meta name=\"twitter:data2\" content=\"2 minutos\" \/>\n<script type=\"application\/ld+json\" class=\"yoast-schema-graph\">{\"@context\":\"https:\\\/\\\/schema.org\",\"@graph\":[{\"@type\":\"Article\",\"@id\":\"https:\\\/\\\/aeca-catequetas.es\\\/index.php\\\/2019\\\/11\\\/23\\\/congreso-del-catecumenado-en-paris\\\/#article\",\"isPartOf\":{\"@id\":\"https:\\\/\\\/aeca-catequetas.es\\\/index.php\\\/2019\\\/11\\\/23\\\/congreso-del-catecumenado-en-paris\\\/\"},\"author\":{\"name\":\"webmaster\",\"@id\":\"https:\\\/\\\/aeca-catequetas.es\\\/#\\\/schema\\\/person\\\/510ee7731f0229f7a896e5f62ff53292\"},\"headline\":\"Congreso del catecumenado en Par\u00eds\",\"datePublished\":\"2019-11-23T17:11:16+00:00\",\"dateModified\":\"2019-11-23T17:11:18+00:00\",\"mainEntityOfPage\":{\"@id\":\"https:\\\/\\\/aeca-catequetas.es\\\/index.php\\\/2019\\\/11\\\/23\\\/congreso-del-catecumenado-en-paris\\\/\"},\"wordCount\":351,\"commentCount\":0,\"image\":{\"@id\":\"https:\\\/\\\/aeca-catequetas.es\\\/index.php\\\/2019\\\/11\\\/23\\\/congreso-del-catecumenado-en-paris\\\/#primaryimage\"},\"thumbnailUrl\":\"https:\\\/\\\/aeca-catequetas.es\\\/wp-content\\\/uploads\\\/2019\\\/11\\\/notedram.jpg\",\"articleSection\":[\"Noticias\"],\"inLanguage\":\"es\",\"potentialAction\":[{\"@type\":\"CommentAction\",\"name\":\"Comment\",\"target\":[\"https:\\\/\\\/aeca-catequetas.es\\\/index.php\\\/2019\\\/11\\\/23\\\/congreso-del-catecumenado-en-paris\\\/#respond\"]}]},{\"@type\":\"WebPage\",\"@id\":\"https:\\\/\\\/aeca-catequetas.es\\\/index.php\\\/2019\\\/11\\\/23\\\/congreso-del-catecumenado-en-paris\\\/\",\"url\":\"https:\\\/\\\/aeca-catequetas.es\\\/index.php\\\/2019\\\/11\\\/23\\\/congreso-del-catecumenado-en-paris\\\/\",\"name\":\"Congreso del catecumenado en Par\u00eds - Asociaci\u00f3n Espa\u00f1ola de Catequetas\",\"isPartOf\":{\"@id\":\"https:\\\/\\\/aeca-catequetas.es\\\/#website\"},\"primaryImageOfPage\":{\"@id\":\"https:\\\/\\\/aeca-catequetas.es\\\/index.php\\\/2019\\\/11\\\/23\\\/congreso-del-catecumenado-en-paris\\\/#primaryimage\"},\"image\":{\"@id\":\"https:\\\/\\\/aeca-catequetas.es\\\/index.php\\\/2019\\\/11\\\/23\\\/congreso-del-catecumenado-en-paris\\\/#primaryimage\"},\"thumbnailUrl\":\"https:\\\/\\\/aeca-catequetas.es\\\/wp-content\\\/uploads\\\/2019\\\/11\\\/notedram.jpg\",\"datePublished\":\"2019-11-23T17:11:16+00:00\",\"dateModified\":\"2019-11-23T17:11:18+00:00\",\"author\":{\"@id\":\"https:\\\/\\\/aeca-catequetas.es\\\/#\\\/schema\\\/person\\\/510ee7731f0229f7a896e5f62ff53292\"},\"breadcrumb\":{\"@id\":\"https:\\\/\\\/aeca-catequetas.es\\\/index.php\\\/2019\\\/11\\\/23\\\/congreso-del-catecumenado-en-paris\\\/#breadcrumb\"},\"inLanguage\":\"es\",\"potentialAction\":[{\"@type\":\"ReadAction\",\"target\":[\"https:\\\/\\\/aeca-catequetas.es\\\/index.php\\\/2019\\\/11\\\/23\\\/congreso-del-catecumenado-en-paris\\\/\"]}]},{\"@type\":\"ImageObject\",\"inLanguage\":\"es\",\"@id\":\"https:\\\/\\\/aeca-catequetas.es\\\/index.php\\\/2019\\\/11\\\/23\\\/congreso-del-catecumenado-en-paris\\\/#primaryimage\",\"url\":\"https:\\\/\\\/aeca-catequetas.es\\\/wp-content\\\/uploads\\\/2019\\\/11\\\/notedram.jpg\",\"contentUrl\":\"https:\\\/\\\/aeca-catequetas.es\\\/wp-content\\\/uploads\\\/2019\\\/11\\\/notedram.jpg\",\"width\":1600,\"height\":840},{\"@type\":\"BreadcrumbList\",\"@id\":\"https:\\\/\\\/aeca-catequetas.es\\\/index.php\\\/2019\\\/11\\\/23\\\/congreso-del-catecumenado-en-paris\\\/#breadcrumb\",\"itemListElement\":[{\"@type\":\"ListItem\",\"position\":1,\"name\":\"Home\",\"item\":\"https:\\\/\\\/aeca-catequetas.es\\\/\"},{\"@type\":\"ListItem\",\"position\":2,\"name\":\"Congreso del catecumenado en Par\u00eds\"}]},{\"@type\":\"WebSite\",\"@id\":\"https:\\\/\\\/aeca-catequetas.es\\\/#website\",\"url\":\"https:\\\/\\\/aeca-catequetas.es\\\/\",\"name\":\"Asociaci\u00f3n Espa\u00f1ola de Catequetas\",\"description\":\"Asociaci\u00f3n Espa\u00f1ola de Catequetas\",\"potentialAction\":[{\"@type\":\"SearchAction\",\"target\":{\"@type\":\"EntryPoint\",\"urlTemplate\":\"https:\\\/\\\/aeca-catequetas.es\\\/?s={search_term_string}\"},\"query-input\":{\"@type\":\"PropertyValueSpecification\",\"valueRequired\":true,\"valueName\":\"search_term_string\"}}],\"inLanguage\":\"es\"},{\"@type\":\"Person\",\"@id\":\"https:\\\/\\\/aeca-catequetas.es\\\/#\\\/schema\\\/person\\\/510ee7731f0229f7a896e5f62ff53292\",\"name\":\"webmaster\",\"image\":{\"@type\":\"ImageObject\",\"inLanguage\":\"es\",\"@id\":\"https:\\\/\\\/secure.gravatar.com\\\/avatar\\\/397ca6d635bf8d8d18cf57a1ce24b4240dbb20b43c094e2f61695671478e7a8d?s=96&d=mm&r=g\",\"url\":\"https:\\\/\\\/secure.gravatar.com\\\/avatar\\\/397ca6d635bf8d8d18cf57a1ce24b4240dbb20b43c094e2f61695671478e7a8d?s=96&d=mm&r=g\",\"contentUrl\":\"https:\\\/\\\/secure.gravatar.com\\\/avatar\\\/397ca6d635bf8d8d18cf57a1ce24b4240dbb20b43c094e2f61695671478e7a8d?s=96&d=mm&r=g\",\"caption\":\"webmaster\"},\"url\":\"https:\\\/\\\/aeca-catequetas.es\\\/index.php\\\/author\\\/manuelbru\\\/\"}]}<\/script>\n<!-- \/ Yoast SEO plugin. -->","yoast_head_json":{"title":"Congreso del catecumenado en Par\u00eds - Asociaci\u00f3n Espa\u00f1ola de Catequetas","robots":{"index":"index","follow":"follow","max-snippet":"max-snippet:-1","max-image-preview":"max-image-preview:large","max-video-preview":"max-video-preview:-1"},"canonical":"https:\/\/aeca-catequetas.es\/index.php\/2019\/11\/23\/congreso-del-catecumenado-en-paris\/","og_locale":"es_ES","og_type":"article","og_title":"Congreso del catecumenado en Par\u00eds - Asociaci\u00f3n Espa\u00f1ola de Catequetas","og_description":"Por su inter\u00e9s para todos los catequetas, informamos del programa del Congreso Internacional del Catecumenado que tendr\u00e1 lugar en Par\u00eds, del 15 al 17 de abril 2020. Los interesados en asistir, podr\u00e1n ponerse en contacto con la direcci\u00f3n de AECA. CONGRESO INTERNACIONAL DE CATECUMENADO. PARIS 15-17 de abril 2020 Acoger y acompa\u00f1ar a los catec\u00famenos [&hellip;]","og_url":"https:\/\/aeca-catequetas.es\/index.php\/2019\/11\/23\/congreso-del-catecumenado-en-paris\/","og_site_name":"Asociaci\u00f3n Espa\u00f1ola de Catequetas","article_published_time":"2019-11-23T17:11:16+00:00","article_modified_time":"2019-11-23T17:11:18+00:00","og_image":[{"width":1600,"height":840,"url":"https:\/\/aeca-catequetas.es\/wp-content\/uploads\/2019\/11\/notedram.jpg","type":"image\/jpeg"}],"author":"webmaster","twitter_card":"summary_large_image","twitter_misc":{"Escrito por":"webmaster","Tiempo de lectura":"2 minutos"},"schema":{"@context":"https:\/\/schema.org","@graph":[{"@type":"Article","@id":"https:\/\/aeca-catequetas.es\/index.php\/2019\/11\/23\/congreso-del-catecumenado-en-paris\/#article","isPartOf":{"@id":"https:\/\/aeca-catequetas.es\/index.php\/2019\/11\/23\/congreso-del-catecumenado-en-paris\/"},"author":{"name":"webmaster","@id":"https:\/\/aeca-catequetas.es\/#\/schema\/person\/510ee7731f0229f7a896e5f62ff53292"},"headline":"Congreso del catecumenado en Par\u00eds","datePublished":"2019-11-23T17:11:16+00:00","dateModified":"2019-11-23T17:11:18+00:00","mainEntityOfPage":{"@id":"https:\/\/aeca-catequetas.es\/index.php\/2019\/11\/23\/congreso-del-catecumenado-en-paris\/"},"wordCount":351,"commentCount":0,"image":{"@id":"https:\/\/aeca-catequetas.es\/index.php\/2019\/11\/23\/congreso-del-catecumenado-en-paris\/#primaryimage"},"thumbnailUrl":"https:\/\/aeca-catequetas.es\/wp-content\/uploads\/2019\/11\/notedram.jpg","articleSection":["Noticias"],"inLanguage":"es","potentialAction":[{"@type":"CommentAction","name":"Comment","target":["https:\/\/aeca-catequetas.es\/index.php\/2019\/11\/23\/congreso-del-catecumenado-en-paris\/#respond"]}]},{"@type":"WebPage","@id":"https:\/\/aeca-catequetas.es\/index.php\/2019\/11\/23\/congreso-del-catecumenado-en-paris\/","url":"https:\/\/aeca-catequetas.es\/index.php\/2019\/11\/23\/congreso-del-catecumenado-en-paris\/","name":"Congreso del catecumenado en Par\u00eds - Asociaci\u00f3n Espa\u00f1ola de Catequetas","isPartOf":{"@id":"https:\/\/aeca-catequetas.es\/#website"},"primaryImageOfPage":{"@id":"https:\/\/aeca-catequetas.es\/index.php\/2019\/11\/23\/congreso-del-catecumenado-en-paris\/#primaryimage"},"image":{"@id":"https:\/\/aeca-catequetas.es\/index.php\/2019\/11\/23\/congreso-del-catecumenado-en-paris\/#primaryimage"},"thumbnailUrl":"https:\/\/aeca-catequetas.es\/wp-content\/uploads\/2019\/11\/notedram.jpg","datePublished":"2019-11-23T17:11:16+00:00","dateModified":"2019-11-23T17:11:18+00:00","author":{"@id":"https:\/\/aeca-catequetas.es\/#\/schema\/person\/510ee7731f0229f7a896e5f62ff53292"},"breadcrumb":{"@id":"https:\/\/aeca-catequetas.es\/index.php\/2019\/11\/23\/congreso-del-catecumenado-en-paris\/#breadcrumb"},"inLanguage":"es","potentialAction":[{"@type":"ReadAction","target":["https:\/\/aeca-catequetas.es\/index.php\/2019\/11\/23\/congreso-del-catecumenado-en-paris\/"]}]},{"@type":"ImageObject","inLanguage":"es","@id":"https:\/\/aeca-catequetas.es\/index.php\/2019\/11\/23\/congreso-del-catecumenado-en-paris\/#primaryimage","url":"https:\/\/aeca-catequetas.es\/wp-content\/uploads\/2019\/11\/notedram.jpg","contentUrl":"https:\/\/aeca-catequetas.es\/wp-content\/uploads\/2019\/11\/notedram.jpg","width":1600,"height":840},{"@type":"BreadcrumbList","@id":"https:\/\/aeca-catequetas.es\/index.php\/2019\/11\/23\/congreso-del-catecumenado-en-paris\/#breadcrumb","itemListElement":[{"@type":"ListItem","position":1,"name":"Home","item":"https:\/\/aeca-catequetas.es\/"},{"@type":"ListItem","position":2,"name":"Congreso del catecumenado en Par\u00eds"}]},{"@type":"WebSite","@id":"https:\/\/aeca-catequetas.es\/#website","url":"https:\/\/aeca-catequetas.es\/","name":"Asociaci\u00f3n Espa\u00f1ola de Catequetas","description":"Asociaci\u00f3n Espa\u00f1ola de Catequetas","potentialAction":[{"@type":"SearchAction","target":{"@type":"EntryPoint","urlTemplate":"https:\/\/aeca-catequetas.es\/?s={search_term_string}"},"query-input":{"@type":"PropertyValueSpecification","valueRequired":true,"valueName":"search_term_string"}}],"inLanguage":"es"},{"@type":"Person","@id":"https:\/\/aeca-catequetas.es\/#\/schema\/person\/510ee7731f0229f7a896e5f62ff53292","name":"webmaster","image":{"@type":"ImageObject","inLanguage":"es","@id":"https:\/\/secure.gravatar.com\/avatar\/397ca6d635bf8d8d18cf57a1ce24b4240dbb20b43c094e2f61695671478e7a8d?s=96&d=mm&r=g","url":"https:\/\/secure.gravatar.com\/avatar\/397ca6d635bf8d8d18cf57a1ce24b4240dbb20b43c094e2f61695671478e7a8d?s=96&d=mm&r=g","contentUrl":"https:\/\/secure.gravatar.com\/avatar\/397ca6d635bf8d8d18cf57a1ce24b4240dbb20b43c094e2f61695671478e7a8d?s=96&d=mm&r=g","caption":"webmaster"},"url":"https:\/\/aeca-catequetas.es\/index.php\/author\/manuelbru\/"}]}},"jetpack_featured_media_url":"https:\/\/aeca-catequetas.es\/wp-content\/uploads\/2019\/11\/notedram.jpg","_links":{"self":[{"href":"https:\/\/aeca-catequetas.es\/index.php\/wp-json\/wp\/v2\/posts\/108","targetHints":{"allow":["GET"]}}],"collection":[{"href":"https:\/\/aeca-catequetas.es\/index.php\/wp-json\/wp\/v2\/posts"}],"about":[{"href":"https:\/\/aeca-catequetas.es\/index.php\/wp-json\/wp\/v2\/types\/post"}],"author":[{"embeddable":true,"href":"https:\/\/aeca-catequetas.es\/index.php\/wp-json\/wp\/v2\/users\/4"}],"replies":[{"embeddable":true,"href":"https:\/\/aeca-catequetas.es\/index.php\/wp-json\/wp\/v2\/comments?post=108"}],"version-history":[{"count":1,"href":"https:\/\/aeca-catequetas.es\/index.php\/wp-json\/wp\/v2\/posts\/108\/revisions"}],"predecessor-version":[{"id":110,"href":"https:\/\/aeca-catequetas.es\/index.php\/wp-json\/wp\/v2\/posts\/108\/revisions\/110"}],"wp:featuredmedia":[{"embeddable":true,"href":"https:\/\/aeca-catequetas.es\/index.php\/wp-json\/wp\/v2\/media\/109"}],"wp:attachment":[{"href":"https:\/\/aeca-catequetas.es\/index.php\/wp-json\/wp\/v2\/media?parent=108"}],"wp:term":[{"taxonomy":"category","embeddable":true,"href":"https:\/\/aeca-catequetas.es\/index.php\/wp-json\/wp\/v2\/categories?post=108"},{"taxonomy":"post_tag","embeddable":true,"href":"https:\/\/aeca-catequetas.es\/index.php\/wp-json\/wp\/v2\/tags?post=108"}],"curies":[{"name":"wp","href":"https:\/\/api.w.org\/{rel}","templated":true}]}}